{"id":12689,"date":"2024-04-13T23:46:09","date_gmt":"2024-04-13T23:46:09","guid":{"rendered":"https:\/\/elportaldorrego.com\/?p=12689"},"modified":"2024-04-14T00:40:56","modified_gmt":"2024-04-14T00:40:56","slug":"futbol-menor-e-infantil-se-jugo-la-tercera-fecha","status":"publish","type":"post","link":"http:\/\/elportaldorrego.com\/?p=12689","title":{"rendered":"F\u00fatbol menor e infantil  : Se jug\u00f3 la tercera fecha"},"content":{"rendered":"\n<p>Se jug\u00f3 parcialmente la tercera fecha del torneo de f\u00fatbol menor e infantil que organiza la Liga de f\u00fatbol de C.Dorrego<\/p>\n\n\n\n<p><strong>Resultado<\/strong>&nbsp;<strong>Menores<\/strong><\/p>\n\n\n\n<figure class=\"wp-block-image size-large\"><img decoding=\"async\" src=\"http:\/\/elportaldorrego.com\/wp-content\/uploads\/2024\/04\/IMG-20240413-WA0012-1024x1024.jpg\" alt=\"\" class=\"wp-image-12692\" \/><\/figure>\n\n\n\n<p><strong>SUB 13<\/strong> <\/p>\n\n\n\n<figure class=\"wp-block-table\"><table><tbody><tr><td><strong>A.M.Hermoso : ( 0 ) <\/strong><br><strong>Independiente : ( 2 ) : <\/strong>Fermin Colares &#8211; Gonzalo Alvarez ( P )<\/td><\/tr><tr><td><strong>Progreso : ( 1 ) :<\/strong> Benjamin Moyano<br><strong>Suteryh  : ( 4 ) : <\/strong>Santino Ramil &#8211; Mart\u00edn Parra &#8211; Jenaro Ramil &#8211; Thiago Velazquez <\/td><\/tr><tr><td><strong>Villa Rosa : ( 0 ) <br>Porte\u00f1o : ( 0 ) <\/strong><\/td><\/tr><tr><td>No jugaron San Mart\u00edn vs Ferroviario <\/td><\/tr><\/tbody><\/table><\/figure>\n\n\n\n<figure class=\"wp-block-image size-large is-resized\"><img loading=\"lazy\" decoding=\"async\" src=\"http:\/\/elportaldorrego.com\/wp-content\/uploads\/2024\/04\/IMG-20240413-WA0036-1024x1024.jpg\" alt=\"\" class=\"wp-image-12707\" width=\"362\" height=\"362\" \/><\/figure>\n\n\n\n<figure class=\"wp-block-table\"><table><tbody><tr><td><strong>GOLEADORES SUB 13 <\/strong><br><br>M\u00e1ximo Echeto ( I )  3<br>Jenaro Ramil ( Sut. )  3<br>Fermin Colares ( I )  3<br>Tiziano De Marco ( V.R. )  2<br>Mart\u00edn Parra ( Sut. ) 2<br>Juan Cardoso ( Port. ) 2<\/td><\/tr><\/tbody><\/table><\/figure>\n\n\n\n<figure class=\"wp-block-image size-large\"><img decoding=\"async\" src=\"http:\/\/elportaldorrego.com\/wp-content\/uploads\/2024\/04\/IMG-20240413-WA0014-1024x1024.jpg\" alt=\"\" class=\"wp-image-12691\" \/><\/figure>\n\n\n\n<p><strong>SUB 15 <\/strong><\/p>\n\n\n\n<figure class=\"wp-block-table\"><table><tbody><tr><td><strong>A.M.Hermoso : ( 3 )<\/strong> : Valentino Bertolissio ( 2 ) &#8211; Alexander Baez <br><strong>Independiente : ( 2 ) :\u00a0<\/strong>Tomas Matti  ( P ) &#8211; Guillermo Pili <\/td><\/tr><tr><td>Progreso<strong> <\/strong>vs Suteryh<br>No jugaron ya que Progreso No presenta esta categor\u00eda <\/td><\/tr><tr><td>Villa Rosa vs Porte\u00f1o <br>No jugaron porque Porte\u00f1o no presenta esta divisi\u00f3n <\/td><\/tr><tr><td>No jugaron San Mart\u00edn vs Ferroviario<\/td><\/tr><\/tbody><\/table><\/figure>\n\n\n\n<figure class=\"wp-block-image size-large\"><img decoding=\"async\" src=\"http:\/\/elportaldorrego.com\/wp-content\/uploads\/2024\/04\/IMG-20240413-WA0028-1024x1024.jpg\" alt=\"\" class=\"wp-image-12705\" \/><\/figure>\n\n\n\n<figure class=\"wp-block-table\"><table><tbody><tr><td><strong>GOLEADORES SUB 15<\/strong><br><br>Tomas Matti  ( I ) 3<br>Valentino Onorato ( I ) 3<br>Ciro Cansina ( V.R. ) 2<br>Thiago Rosemberg ( V.R. ) 2<br>Valentino Bertoluccio ( A.M.H. ) 2<\/td><\/tr><\/tbody><\/table><\/figure>\n\n\n\n<figure class=\"wp-block-image size-large is-resized\"><img loading=\"lazy\" decoding=\"async\" src=\"http:\/\/elportaldorrego.com\/wp-content\/uploads\/2024\/04\/IMG-20240413-WA0013-1024x1024.jpg\" alt=\"\" class=\"wp-image-12690\" width=\"365\" height=\"365\" \/><\/figure>\n\n\n\n<p><strong>SUB 17<\/strong><\/p>\n\n\n\n<figure class=\"wp-block-table\"><table><tbody><tr><td><strong>A.M.Hermoso : ( 1 )<\/strong> : Gabriel Martin <br><strong>Independiente : ( 1 ) :\u00a0<\/strong>Benjamin Iriarte<br><strong>Expulsado<\/strong> : Matias Lozano ( A.M.H. )<\/td><\/tr><tr><td><strong>Progreso : ( 0 ) <\/strong><br><strong>Suteryh : ( 2 ) :&nbsp;<\/strong>Jeremias Gomez &#8211; Tomas Coronel <\/td><\/tr><tr><td>Villa Rosa vs Porte\u00f1o<br>No jugaron porque Porte\u00f1o no presenta esta divisi\u00f3n<\/td><\/tr><tr><td>No jugaron San Mart\u00edn vs Ferroviario<\/td><\/tr><\/tbody><\/table><\/figure>\n\n\n\n<figure class=\"wp-block-image size-large is-resized\"><img loading=\"lazy\" decoding=\"async\" src=\"http:\/\/elportaldorrego.com\/wp-content\/uploads\/2024\/04\/IMG-20240413-WA0032-1024x1024.jpg\" alt=\"\" class=\"wp-image-12706\" width=\"365\" height=\"365\" \/><\/figure>\n\n\n\n<figure class=\"wp-block-table\"><table><tbody><tr><td><strong>GOLEADORES SUB 17 <\/strong><br><br>Benjam\u00edn Iriarte ( I ) 3<br>Tomas Coronel  ( Sut. ) 3<br>Luciano Roht  ( Sut. ) 2<br>Thomas Orellano ( U.S. )  2 <br>Jeremias Gomez ( Sut. ) 2<br>Santiago Maclen ( Prog. ) 2 <\/td><\/tr><\/tbody><\/table><\/figure>\n\n\n\n<p><strong>F\u00fatbol Infantil <\/strong><\/p>\n\n\n\n<figure class=\"wp-block-image size-large\"><img decoding=\"async\" src=\"http:\/\/elportaldorrego.com\/wp-content\/uploads\/2024\/04\/IMG-20240413-WA0026-1024x1024.jpg\" alt=\"\" class=\"wp-image-12701\" \/><\/figure>\n\n\n\n<p><strong>SUB 11 <\/strong><\/p>\n\n\n\n<figure class=\"wp-block-table\"><table><tbody><tr><td><strong>A.M.Hermoso : ( 1 )<\/strong> : Mateo Olivera<br><strong>Independiente : ( 4 ) :&nbsp;<\/strong><\/td><\/tr><tr><td><strong>Progreso : ( 2 ) : <\/strong>Thian Arana &#8211; Renzo Ferrarello <br><strong>Suteryh : ( 2 ) :&nbsp;<\/strong>Thiago Velazquez ( 2 )<\/td><\/tr><tr><td><strong>Villa Rosa : ( 2 ) : <\/strong>David Cisneros &#8211; Carlos Roldan<strong><br>Porte\u00f1o : ( 4 )<\/strong> : Kevin Romero ( 2 ) &#8211; Ian Herrera &#8211; Benjamin Esteban <\/td><\/tr><tr><td>No jugaron San Mart\u00edn vs Ferroviario<\/td><\/tr><\/tbody><\/table><\/figure>\n\n\n\n<figure class=\"wp-block-table\"><table><tbody><tr><td><strong>POSICIONES SUB 11<\/strong><br>Independiente  6 Pts.<br>San Mart\u00edn 6 Pts.<br>Porte\u00f1o. 6 Pts.<br>Progreso. 4. Pts. <br>Suteryh. 4 Pts.<br>V.Rosa 3 Pts.<br>A.M.Hermoso  3 Pts.<br>U.Santamarina. 0 Pt.<br>Ferroviario  0 Pt.<br><\/td><\/tr><\/tbody><\/table><\/figure>\n\n\n\n<figure class=\"wp-block-image size-large is-resized\"><img loading=\"lazy\" decoding=\"async\" src=\"http:\/\/elportaldorrego.com\/wp-content\/uploads\/2024\/04\/IMG-20240413-WA0027-1024x1024.jpg\" alt=\"\" class=\"wp-image-12703\" width=\"368\" height=\"368\" \/><\/figure>\n\n\n\n<p><strong>SUB 10<\/strong><\/p>\n\n\n\n<figure class=\"wp-block-table\"><table><tbody><tr><td><strong>A.M.Hermoso : ( 8 )<\/strong> : Teo Heim ( 2 ) &#8211; Ramon Arranz- Augusto Abraham  &#8211; Santiago Hurst  &#8211; Tadeo Vera &#8211; Vinicio Gianantuono &#8211; Un jugador de Independiente en contra <br><strong>Independiente : ( 2 ) :&nbsp;<\/strong><\/td><\/tr><tr><td>Progreso vs Suteryh<br>No jugaron ya que Progreso No presenta esta categor\u00eda<\/td><\/tr><tr><td><strong>Villa Rosa : ( 0 )<br>Porte\u00f1o : ( 5 )<\/strong> : Benicio Franco ( 2 ) &#8211; Milo Marcialetti &#8211; Thiago Izquierdo &#8211; Augusto Menna <\/td><\/tr><tr><td>No jugaron San Mart\u00edn vs Ferroviario<\/td><\/tr><\/tbody><\/table><\/figure>\n\n\n\n<figure class=\"wp-block-table\"><table><tbody><tr><td><strong>POSICIONES SUB 10<\/strong><br><br>Porte\u00f1o  9 Pts.<br>A.M.Hermoso  6 Pts.<br>Suteryh 3 Pts. <br>San Mart\u00edn  3 Pts. <br>Independiente  3 Pts. <br>V.Rosa  3 Pts. <br>U.Santamarina  0 Pt.<br>Ferroviario  0 Pt.<\/td><\/tr><\/tbody><\/table><\/figure>\n\n\n\n<figure class=\"wp-block-image size-large\"><img decoding=\"async\" src=\"http:\/\/elportaldorrego.com\/wp-content\/uploads\/2024\/04\/IMG-20240413-WA0025-1024x1024.jpg\" alt=\"\" class=\"wp-image-12702\" \/><\/figure>\n\n\n\n<p><strong>SUB 9<\/strong><\/p>\n\n\n\n<figure class=\"wp-block-table\"><table><tbody><tr><td><strong>A.M.Hermoso : ( 2 ) : <\/strong>Oscar Davalo &#8211; Nicolas Ramos<br><strong>Independiente : ( 3 ) <\/strong>: <\/td><\/tr><tr><td><strong>Progreso : ( 4 ) :<\/strong>&nbsp; Thian Arana ( 2 ) &#8211; Migue Larrea &#8211; Benjam\u00edn Millan<br><strong>Suteryh : ( 5 ) :&nbsp;<\/strong>Patricio Gutierrez ( 2 ) &#8211; Mateo Pellegrini ( 2 ) &#8211; Mike Marlia<\/td><\/tr><tr><td><strong>Villa Rosa : ( 0 )<br>Porte\u00f1o : ( 4 )<\/strong> : Augusto Menna ( 2 ) &#8211; Luano Cardoso  ( 2 ) <\/td><\/tr><tr><td>No jugaron San Mart\u00edn vs Ferroviario<\/td><\/tr><\/tbody><\/table><\/figure>\n\n\n\n<figure class=\"wp-block-table\"><table><tbody><tr><td><strong>POSICIONES SUB 9<\/strong><br><br>Independiente  9 Pts.<br>Porte\u00f1o  9 Pts.<br>Suteryh. 5 Pts.<br>U.Santamarina  4 Pts.<br>Progreso  1 Pt.<br>A.M.Hermoso  1 Pt.<br>V.Rosa  1 Pt.<br>San Mart\u00edn  0 Pt.<br>Ferroviario  0 Pt.<\/td><\/tr><\/tbody><\/table><\/figure>\n\n\n\n<figure class=\"wp-block-image size-large is-resized\"><img loading=\"lazy\" decoding=\"async\" src=\"http:\/\/elportaldorrego.com\/wp-content\/uploads\/2024\/04\/IMG-20240413-WA0024-1024x1024.jpg\" alt=\"\" class=\"wp-image-12700\" width=\"364\" height=\"364\" \/><\/figure>\n\n\n\n<p><strong>SUB 8<\/strong><\/p>\n\n\n\n<figure class=\"wp-block-table\"><table><tbody><tr><td><strong>A.M.Hermoso : ( 6 ) : <\/strong>Valentino Gomez ( 3 ) &#8211; Emil Molina &#8211; Pedro Casco &#8211; Santino Reyes<br><strong>Independiente : ( 4 ) <\/strong>:<\/td><\/tr><tr><td><strong>Progreso : ( 3 ) :<\/strong>&nbsp;Rodrigo Peralta ( 2 ) &#8211; Benjamin Millan <br><strong>Suteryh : ( 4 ) :&nbsp;<\/strong>Uriel Colantonio ( 3 ) &#8211;  Bastian Garcia <\/td><\/tr><tr><td><strong>Villa Rosa : ( 5 ) : <\/strong>Milo Palacio ( 2 ) &#8211; Ignacio Acu\u00f1a ( 2 ) &#8211; Axel Bilbao <strong><br>Porte\u00f1o : ( 2 )<\/strong> : Patricio Gonzalez &#8211; Bastian Ferrarini<\/td><\/tr><tr><td>No jugaron San Mart\u00edn vs Ferroviario<\/td><\/tr><\/tbody><\/table><\/figure>\n\n\n\n<figure class=\"wp-block-table\"><table><tbody><tr><td><strong>POSICIONES SUB 8<\/strong><br><br>A.M.Hermoso  9 Pts.<br>Suteryh  6 Pts.<br>V.Rosa  6 Pts.<br>San Mart\u00edn  6 Pts.<br>Ferroviario  3 Pts.<br>Progreso  1 Pt.<br>U.Santamarina  1 Pt.<br>Independiente  0 Pt.<br>Porte\u00f1o  0 Pt.<\/td><\/tr><\/tbody><\/table><\/figure>\n\n\n\n<figure class=\"wp-block-image size-large\"><img decoding=\"async\" src=\"http:\/\/elportaldorrego.com\/wp-content\/uploads\/2024\/04\/IMG-20240413-WA0039-1024x1024.jpg\" alt=\"\" class=\"wp-image-12708\" \/><\/figure>\n","protected":false},"excerpt":{"rendered":"<p>Se jug\u00f3 parcialmente la tercera fecha del torneo de f\u00fatbol menor e infantil que organiza la Liga de f\u00fatbol de C.Dorrego Resultado&nbsp;Menores SUB 13 A.M.Hermoso : ( 0 ) Independiente : ( 2 ) : Fermin Colares &#8211; Gonzalo Alvarez ( P )Progreso : ( 1 ) : Benjamin MoyanoSuteryh : ( 4 ) : &hellip;<\/p>\n","protected":false},"author":4,"featured_media":0,"comment_status":"open","ping_status":"open","sticky":false,"template":"","format":"standard","meta":{"footnotes":""},"categories":[73],"tags":[],"class_list":["post-12689","post","type-post","status-publish","format-standard","","category-deportes"],"_links":{"self":[{"href":"http:\/\/elportaldorrego.com\/index.php?rest_route=\/wp\/v2\/posts\/12689"}],"collection":[{"href":"http:\/\/elportaldorrego.com\/index.php?rest_route=\/wp\/v2\/posts"}],"about":[{"href":"http:\/\/elportaldorrego.com\/index.php?rest_route=\/wp\/v2\/types\/post"}],"author":[{"embeddable":true,"href":"http:\/\/elportaldorrego.com\/index.php?rest_route=\/wp\/v2\/users\/4"}],"replies":[{"embeddable":true,"href":"http:\/\/elportaldorrego.com\/index.php?rest_route=%2Fwp%2Fv2%2Fcomments&post=12689"}],"version-history":[{"count":11,"href":"http:\/\/elportaldorrego.com\/index.php?rest_route=\/wp\/v2\/posts\/12689\/revisions"}],"predecessor-version":[{"id":12711,"href":"http:\/\/elportaldorrego.com\/index.php?rest_route=\/wp\/v2\/posts\/12689\/revisions\/12711"}],"wp:attachment":[{"href":"http:\/\/elportaldorrego.com\/index.php?rest_route=%2Fwp%2Fv2%2Fmedia&parent=12689"}],"wp:term":[{"taxonomy":"category","embeddable":true,"href":"http:\/\/elportaldorrego.com\/index.php?rest_route=%2Fwp%2Fv2%2Fcategories&post=12689"},{"taxonomy":"post_tag","embeddable":true,"href":"http:\/\/elportaldorrego.com\/index.php?rest_route=%2Fwp%2Fv2%2Ftags&post=12689"}],"curies":[{"name":"wp","href":"https:\/\/api.w.org\/{rel}","templated":true}]}}