{"id":12827,"date":"2024-04-25T13:49:48","date_gmt":"2024-04-25T13:49:48","guid":{"rendered":"https:\/\/elportaldorrego.com\/?p=12827"},"modified":"2024-04-25T13:58:10","modified_gmt":"2024-04-25T13:58:10","slug":"el-dorreguense-padre-pedro-forneau-viaja-a-roma-y-participara-de-una-audiencia-con-el-papa","status":"publish","type":"post","link":"http:\/\/elportaldorrego.com\/?p=12827","title":{"rendered":"El Dorreguense padre Pedro Forneau viaja a Roma y participar\u00e1 de una audiencia con el Papa"},"content":{"rendered":"\n<p>La Secretar\u00eda General del S\u00ednodo de los Obispos promover\u00e1 un encuentro internacional con m\u00e1s de 200 p\u00e1rrocos, para reflexionar sobre el tema \u2018C\u00f3mo ser una Iglesia local sinodal en misi\u00f3n\u2019, inform\u00f3 el Vaticano.<\/p>\n\n\n\n<p>La iniciativa tendr\u00e1 lugar del 29 de abril al 2 de mayo, en la \u2018Fraterna Domus\u2019, ubicada en Sacrofano, en las afueras de Roma, y concluir\u00e1 con una audiencia concedida por el Papa Francisco, en el Vaticano.<\/p>\n\n\n\n<p>El Padre Pedro Forneau, cura p\u00e1rroco quien pas\u00f3 por Tres Arroyos y Coronel Dorrego y actualmente est\u00e1 en la di\u00f3cesis de Mercedes, ser\u00e1 uno de los tres sacerdotes que participar\u00e1 del c\u00f3nclave.<\/p>\n\n\n\n<p>Info completa web <strong><a href=\"https:\/\/www.lu24.com.ar\/el-padre-pedro-forneau-viaja-a-roma-y-participara-de-una-audiencia-con-el-papa\/#google_vignette\"><mark style=\"background-color:#ffffff\" class=\"has-inline-color has-vivid-cyan-blue-color\">LU24<\/mark><\/a><\/strong> <\/p>\n\n\n\n<p>Info y foto  : <a href=\"https:\/\/www.lu24.com.ar\/\"><mark style=\"background-color:#ffffff\" class=\"has-inline-color has-vivid-cyan-blue-color\">www.lu24.com.ar<\/mark><\/a><\/p>\n","protected":false},"excerpt":{"rendered":"<p>La Secretar\u00eda General del S\u00ednodo de los Obispos promover\u00e1 un encuentro internacional con m\u00e1s de 200 p\u00e1rrocos, para reflexionar sobre el tema \u2018C\u00f3mo ser una Iglesia local sinodal en misi\u00f3n\u2019, inform\u00f3 el Vaticano. La iniciativa tendr\u00e1 lugar del 29 de abril al 2 de mayo, en la \u2018Fraterna Domus\u2019, ubicada en Sacrofano, en las afueras &hellip;<\/p>\n","protected":false},"author":4,"featured_media":0,"comment_status":"open","ping_status":"open","sticky":false,"template":"","format":"standard","meta":{"footnotes":""},"categories":[77],"tags":[],"class_list":["post-12827","post","type-post","status-publish","format-standard","","category-generales"],"_links":{"self":[{"href":"http:\/\/elportaldorrego.com\/index.php?rest_route=\/wp\/v2\/posts\/12827"}],"collection":[{"href":"http:\/\/elportaldorrego.com\/index.php?rest_route=\/wp\/v2\/posts"}],"about":[{"href":"http:\/\/elportaldorrego.com\/index.php?rest_route=\/wp\/v2\/types\/post"}],"author":[{"embeddable":true,"href":"http:\/\/elportaldorrego.com\/index.php?rest_route=\/wp\/v2\/users\/4"}],"replies":[{"embeddable":true,"href":"http:\/\/elportaldorrego.com\/index.php?rest_route=%2Fwp%2Fv2%2Fcomments&post=12827"}],"version-history":[{"count":4,"href":"http:\/\/elportaldorrego.com\/index.php?rest_route=\/wp\/v2\/posts\/12827\/revisions"}],"predecessor-version":[{"id":12833,"href":"http:\/\/elportaldorrego.com\/index.php?rest_route=\/wp\/v2\/posts\/12827\/revisions\/12833"}],"wp:attachment":[{"href":"http:\/\/elportaldorrego.com\/index.php?rest_route=%2Fwp%2Fv2%2Fmedia&parent=12827"}],"wp:term":[{"taxonomy":"category","embeddable":true,"href":"http:\/\/elportaldorrego.com\/index.php?rest_route=%2Fwp%2Fv2%2Fcategories&post=12827"},{"taxonomy":"post_tag","embeddable":true,"href":"http:\/\/elportaldorrego.com\/index.php?rest_route=%2Fwp%2Fv2%2Ftags&post=12827"}],"curies":[{"name":"wp","href":"https:\/\/api.w.org\/{rel}","templated":true}]}}