{"id":14991,"date":"2024-10-09T15:00:18","date_gmt":"2024-10-09T15:00:18","guid":{"rendered":"https:\/\/elportaldorrego.com\/?p=14991"},"modified":"2024-10-09T15:00:20","modified_gmt":"2024-10-09T15:00:20","slug":"m-hermoso-comenzo-la-obra-de-infraestructura-energetica-para-el-sector-este-de-la-ciudad","status":"publish","type":"post","link":"http:\/\/elportaldorrego.com\/?p=14991","title":{"rendered":"M.Hermoso : Comenz\u00f3 la obra de infraestructura energ\u00e9tica para el sector este de la ciudad"},"content":{"rendered":"\n<h5 class=\"wp-block-heading\">Obras<\/h5>\n\n\n\n<p><br>Con la presencia del jefe comunal, Hern\u00e1n Arranz y del presidente de la Cooperativa El\u00e9ctrica de Monte Hermoso, Rub\u00e9n Valerio junto a otros funcionarios dio inicio  la obra que permitir\u00e1 aumentar la potencia de distribuci\u00f3n de energ\u00eda al sector este de la ciudad con una inversi\u00f3n de 1 mill\u00f3n de d\u00f3lares.<br>Para esta primera etapa, en Samboromb\u00f3n y Rodr\u00edguez Pe\u00f1a se inicia el tendido de ca\u00f1er\u00eda subterr\u00e1nea a lo largo de 6 kil\u00f3metros y paralelo al Camino de Cintura, hasta la intersecci\u00f3n de Pedro de Mendoza y Av. San Mart\u00edn por donde luego se instalar\u00e1 el cable conductor que permitir\u00e1 energizar el sector este de la ciudad hasta Sauce Grande inclusive.<br>Otra de las etapas que integran esta obra es la construcci\u00f3n de una Subestaci\u00f3n Transformadora de 33 KV que permitir\u00e1 aumentar la capacidad de potencia y transporte y se ubicar\u00e1 en un terreno del Golf Club.<br>\u201cQuiero destacar lo logrado por el Consejo de Administraci\u00f3n y de los trabajadores de la El\u00e9ctrica que vienen trabajando arduamente para solucionar esta problem\u00e1tica que para poder concretarse necesit\u00f3 de la gesti\u00f3n de fondos propios y aportes privados\u201d manifest\u00f3 el Jefe Comunal.<br>\u201cEs un esfuerzo important\u00edsimo el que hoy se inicia pensando en el Monte Hermoso de los pr\u00f3ximos 20 o 30 a\u00f1os y acompa\u00f1ando el crecimiento sostenido que vivencia nuestra ciudad\u201d.<br>\u201cTambi\u00e9n seguimos trabajando en el abastecimiento h\u00eddrico y en otras obras estructurales que hacen a nuestro presente y futuro\u201d.<br>Por su parte, Valerio agreg\u00f3 que \u201cesta obra nos permitir\u00e1 descomprimir los sectores de Monte Hermoso del Este y del Alimentador 3 que se encuentra en las inmediaciones del Hospital Municipal sumado al cambio de transformadores tanto en el Barrio Las Dunas como en Sauce\u201d.<br>\u201cTodo este esfuerzo se ver\u00e1 reflejado este verano con un mejor servicio ya que esperamos concluir esta infraestructura para mediados de diciembre\u201d asegur\u00f3.<\/p>\n\n\n\n<p>Info y foto :  <em><strong>Secretar\u00eda de Comunicaci\u00f3n y Modernizaci\u00f3n del Estado&nbsp;<br><\/strong><\/em>Municipalidad de Monte Hermoso<\/p>\n","protected":false},"excerpt":{"rendered":"<p>Obras Con la presencia del jefe comunal, Hern\u00e1n Arranz y del presidente de la Cooperativa El\u00e9ctrica de Monte Hermoso, Rub\u00e9n Valerio junto a otros funcionarios dio inicio la obra que permitir\u00e1 aumentar la potencia de distribuci\u00f3n de energ\u00eda al sector este de la ciudad con una inversi\u00f3n de 1 mill\u00f3n de d\u00f3lares.Para esta primera etapa, &hellip;<\/p>\n","protected":false},"author":4,"featured_media":0,"comment_status":"open","ping_status":"open","sticky":false,"template":"","format":"standard","meta":{"footnotes":""},"categories":[77,105],"tags":[],"class_list":["post-14991","post","type-post","status-publish","format-standard","","category-generales","category-region"],"_links":{"self":[{"href":"http:\/\/elportaldorrego.com\/index.php?rest_route=\/wp\/v2\/posts\/14991"}],"collection":[{"href":"http:\/\/elportaldorrego.com\/index.php?rest_route=\/wp\/v2\/posts"}],"about":[{"href":"http:\/\/elportaldorrego.com\/index.php?rest_route=\/wp\/v2\/types\/post"}],"author":[{"embeddable":true,"href":"http:\/\/elportaldorrego.com\/index.php?rest_route=\/wp\/v2\/users\/4"}],"replies":[{"embeddable":true,"href":"http:\/\/elportaldorrego.com\/index.php?rest_route=%2Fwp%2Fv2%2Fcomments&post=14991"}],"version-history":[{"count":1,"href":"http:\/\/elportaldorrego.com\/index.php?rest_route=\/wp\/v2\/posts\/14991\/revisions"}],"predecessor-version":[{"id":14994,"href":"http:\/\/elportaldorrego.com\/index.php?rest_route=\/wp\/v2\/posts\/14991\/revisions\/14994"}],"wp:attachment":[{"href":"http:\/\/elportaldorrego.com\/index.php?rest_route=%2Fwp%2Fv2%2Fmedia&parent=14991"}],"wp:term":[{"taxonomy":"category","embeddable":true,"href":"http:\/\/elportaldorrego.com\/index.php?rest_route=%2Fwp%2Fv2%2Fcategories&post=14991"},{"taxonomy":"post_tag","embeddable":true,"href":"http:\/\/elportaldorrego.com\/index.php?rest_route=%2Fwp%2Fv2%2Ftags&post=14991"}],"curies":[{"name":"wp","href":"https:\/\/api.w.org\/{rel}","templated":true}]}}