{"id":15240,"date":"2024-10-25T15:07:07","date_gmt":"2024-10-25T15:07:07","guid":{"rendered":"https:\/\/elportaldorrego.com\/?p=15240"},"modified":"2024-10-25T15:07:08","modified_gmt":"2024-10-25T15:07:08","slug":"desarrollo-social-genero-y-diversidad","status":"publish","type":"post","link":"http:\/\/elportaldorrego.com\/?p=15240","title":{"rendered":"Desarrollo Social. G\u00e9nero y Diversidad"},"content":{"rendered":"\n<p><\/p>\n\n\n\n<p>&nbsp;&nbsp;&nbsp;&nbsp;&nbsp;&nbsp;&nbsp;&nbsp;&nbsp;&nbsp;&nbsp; G\u00e9nero y Diversidad de Desarrollo Social de la comuna se pronunci\u00f3 acerca del D\u00eda de la Visibilidad Intersexual que se celebra ma\u00f1ana s\u00e1bado 26.<\/p>\n\n\n\n<p><strong>&nbsp;&nbsp;&nbsp;&nbsp;&nbsp;&nbsp;&nbsp;&nbsp;&nbsp;&nbsp;&nbsp; Por qu\u00e9 se celebra el D\u00eda de la Intersexualidad?<\/strong><\/p>\n\n\n\n<p>&nbsp;&nbsp;&nbsp;&nbsp;&nbsp;&nbsp;&nbsp;&nbsp;&nbsp;&nbsp;&nbsp; Se conmemora la primera manifestaci\u00f3n p\u00fablica en defensa de las personas intersexuales, que tuvo lugar en Boston, Estados Unidos, el 26 de octubre de 1996. Es una fecha destinada a crear conciencia y promover la comprensi\u00f3n sobre las personas intersexuales.<\/p>\n\n\n\n<p>&nbsp;&nbsp;&nbsp;&nbsp;&nbsp;&nbsp;&nbsp;&nbsp;&nbsp;&nbsp;&nbsp; Intersex se refiere a una amplia gama de variaciones naturales en el cuerpo. En algunos los rasgos son visibles al nacer, en otros se manifiestan en la pubertad y en otros quiz\u00e1s nunca sean visibles f\u00edsicamente.<\/p>\n\n\n\n<p>&nbsp;&nbsp;&nbsp;&nbsp;&nbsp;&nbsp;&nbsp;&nbsp;&nbsp;&nbsp;&nbsp; Este colectivo conforma la I de LGBTIQ+. Ahora bien, \u00bfQu\u00e9 es la intersexualidad?: Se trata de aspectos biol\u00f3gicos, y no refiere a la identidad de g\u00e9nero ni a la orientaci\u00f3n sexual de las personas. Es decir, que viven su sexualidad y se autoperciben de distintas maneras.<\/p>\n\n\n\n<p>Info e imagen  : Prensa municipalidad de C.Dorrego <\/p>\n\n\n\n<p><\/p>\n\n\n\n<figure class=\"wp-block-image size-full\"><img decoding=\"async\" src=\"http:\/\/elportaldorrego.com\/wp-content\/uploads\/2024\/10\/image004-5.jpg\" alt=\"\" class=\"wp-image-15242\" \/><\/figure>\n\n\n\n<p><\/p>\n\n\n\n<figure class=\"wp-block-image size-full\"><img decoding=\"async\" src=\"http:\/\/elportaldorrego.com\/wp-content\/uploads\/2024\/10\/image003-9.jpg\" alt=\"\" class=\"wp-image-15241\" \/><\/figure>\n","protected":false},"excerpt":{"rendered":"<p>&nbsp;&nbsp;&nbsp;&nbsp;&nbsp;&nbsp;&nbsp;&nbsp;&nbsp;&nbsp;&nbsp; G\u00e9nero y Diversidad de Desarrollo Social de la comuna se pronunci\u00f3 acerca del D\u00eda de la Visibilidad Intersexual que se celebra ma\u00f1ana s\u00e1bado 26. &nbsp;&nbsp;&nbsp;&nbsp;&nbsp;&nbsp;&nbsp;&nbsp;&nbsp;&nbsp;&nbsp; Por qu\u00e9 se celebra el D\u00eda de la Intersexualidad? &nbsp;&nbsp;&nbsp;&nbsp;&nbsp;&nbsp;&nbsp;&nbsp;&nbsp;&nbsp;&nbsp; Se conmemora la primera manifestaci\u00f3n p\u00fablica en defensa de las personas intersexuales, que tuvo lugar en Boston, Estados Unidos, &hellip;<\/p>\n","protected":false},"author":4,"featured_media":0,"comment_status":"open","ping_status":"open","sticky":false,"template":"","format":"standard","meta":{"footnotes":""},"categories":[69],"tags":[],"class_list":["post-15240","post","type-post","status-publish","format-standard","","category-locales"],"_links":{"self":[{"href":"http:\/\/elportaldorrego.com\/index.php?rest_route=\/wp\/v2\/posts\/15240"}],"collection":[{"href":"http:\/\/elportaldorrego.com\/index.php?rest_route=\/wp\/v2\/posts"}],"about":[{"href":"http:\/\/elportaldorrego.com\/index.php?rest_route=\/wp\/v2\/types\/post"}],"author":[{"embeddable":true,"href":"http:\/\/elportaldorrego.com\/index.php?rest_route=\/wp\/v2\/users\/4"}],"replies":[{"embeddable":true,"href":"http:\/\/elportaldorrego.com\/index.php?rest_route=%2Fwp%2Fv2%2Fcomments&post=15240"}],"version-history":[{"count":1,"href":"http:\/\/elportaldorrego.com\/index.php?rest_route=\/wp\/v2\/posts\/15240\/revisions"}],"predecessor-version":[{"id":15243,"href":"http:\/\/elportaldorrego.com\/index.php?rest_route=\/wp\/v2\/posts\/15240\/revisions\/15243"}],"wp:attachment":[{"href":"http:\/\/elportaldorrego.com\/index.php?rest_route=%2Fwp%2Fv2%2Fmedia&parent=15240"}],"wp:term":[{"taxonomy":"category","embeddable":true,"href":"http:\/\/elportaldorrego.com\/index.php?rest_route=%2Fwp%2Fv2%2Fcategories&post=15240"},{"taxonomy":"post_tag","embeddable":true,"href":"http:\/\/elportaldorrego.com\/index.php?rest_route=%2Fwp%2Fv2%2Ftags&post=15240"}],"curies":[{"name":"wp","href":"https:\/\/api.w.org\/{rel}","templated":true}]}}