{"id":15982,"date":"2025-01-03T13:09:37","date_gmt":"2025-01-03T13:09:37","guid":{"rendered":"https:\/\/elportaldorrego.com\/?p=15982"},"modified":"2025-01-03T13:09:39","modified_gmt":"2025-01-03T13:09:39","slug":"se-reordeno-el-estacionamiento-en-san-martin-entre-costa-y-maciel","status":"publish","type":"post","link":"http:\/\/elportaldorrego.com\/?p=15982","title":{"rendered":"Se reorden\u00f3 el estacionamiento en San Mart\u00edn entre Costa y Maciel"},"content":{"rendered":"\n<p><\/p>\n\n\n\n<p>&nbsp;&nbsp;&nbsp;&nbsp;&nbsp;&nbsp;&nbsp;&nbsp;&nbsp;&nbsp;&nbsp; Andr\u00e9s Chana, director de Inspecci\u00f3n y Seguridad de la comuna inform\u00f3 que entr\u00f3 en vigencia la Ordenanza 4599\/24 que reglamenta la nueva forma de estacionamiento en calle San Mart\u00edn entre Costa y Maciel.<\/p>\n\n\n\n<p>&nbsp;&nbsp;&nbsp;&nbsp;&nbsp;&nbsp;&nbsp;&nbsp;&nbsp;&nbsp;&nbsp; El funcionario explic\u00f3, a prop\u00f3sito de la se\u00f1al\u00e9tica instalada en esa arteria, que se permitir\u00e1 estacionar por un lapso de 30 minutos en el segmento comprendido entre Costa e Yrigoyen vereda impar y entre Yrigoyen y Maciel vereda par.<\/p>\n\n\n\n<p>&nbsp;&nbsp;&nbsp;&nbsp;&nbsp;&nbsp;&nbsp;&nbsp;&nbsp;&nbsp;&nbsp; Los conductores deber\u00e1n registrar el estacionamiento, sin costo, en los c\u00f3digos QR ubicados en los carteles que fueron colocados por la comuna.<\/p>\n\n\n\n<p>Info y fotos : Prensa Municipalidad de C.Dorrego <\/p>\n\n\n\n<figure class=\"wp-block-image size-large\"><img decoding=\"async\" src=\"http:\/\/elportaldorrego.com\/wp-content\/uploads\/2025\/01\/1-13-768x1024.jpg\" alt=\"\" class=\"wp-image-15983\" \/><\/figure>\n\n\n\n<p><\/p>\n\n\n\n<figure class=\"wp-block-image size-full\"><img decoding=\"async\" src=\"http:\/\/elportaldorrego.com\/wp-content\/uploads\/2025\/01\/2-7.jpg\" alt=\"\" class=\"wp-image-15984\" \/><\/figure>\n","protected":false},"excerpt":{"rendered":"<p>&nbsp;&nbsp;&nbsp;&nbsp;&nbsp;&nbsp;&nbsp;&nbsp;&nbsp;&nbsp;&nbsp; Andr\u00e9s Chana, director de Inspecci\u00f3n y Seguridad de la comuna inform\u00f3 que entr\u00f3 en vigencia la Ordenanza 4599\/24 que reglamenta la nueva forma de estacionamiento en calle San Mart\u00edn entre Costa y Maciel. &nbsp;&nbsp;&nbsp;&nbsp;&nbsp;&nbsp;&nbsp;&nbsp;&nbsp;&nbsp;&nbsp; El funcionario explic\u00f3, a prop\u00f3sito de la se\u00f1al\u00e9tica instalada en esa arteria, que se permitir\u00e1 estacionar por un lapso de &hellip;<\/p>\n","protected":false},"author":4,"featured_media":0,"comment_status":"open","ping_status":"open","sticky":false,"template":"","format":"standard","meta":{"footnotes":""},"categories":[69],"tags":[],"class_list":["post-15982","post","type-post","status-publish","format-standard","","category-locales"],"_links":{"self":[{"href":"http:\/\/elportaldorrego.com\/index.php?rest_route=\/wp\/v2\/posts\/15982"}],"collection":[{"href":"http:\/\/elportaldorrego.com\/index.php?rest_route=\/wp\/v2\/posts"}],"about":[{"href":"http:\/\/elportaldorrego.com\/index.php?rest_route=\/wp\/v2\/types\/post"}],"author":[{"embeddable":true,"href":"http:\/\/elportaldorrego.com\/index.php?rest_route=\/wp\/v2\/users\/4"}],"replies":[{"embeddable":true,"href":"http:\/\/elportaldorrego.com\/index.php?rest_route=%2Fwp%2Fv2%2Fcomments&post=15982"}],"version-history":[{"count":1,"href":"http:\/\/elportaldorrego.com\/index.php?rest_route=\/wp\/v2\/posts\/15982\/revisions"}],"predecessor-version":[{"id":15985,"href":"http:\/\/elportaldorrego.com\/index.php?rest_route=\/wp\/v2\/posts\/15982\/revisions\/15985"}],"wp:attachment":[{"href":"http:\/\/elportaldorrego.com\/index.php?rest_route=%2Fwp%2Fv2%2Fmedia&parent=15982"}],"wp:term":[{"taxonomy":"category","embeddable":true,"href":"http:\/\/elportaldorrego.com\/index.php?rest_route=%2Fwp%2Fv2%2Fcategories&post=15982"},{"taxonomy":"post_tag","embeddable":true,"href":"http:\/\/elportaldorrego.com\/index.php?rest_route=%2Fwp%2Fv2%2Ftags&post=15982"}],"curies":[{"name":"wp","href":"https:\/\/api.w.org\/{rel}","templated":true}]}}