{"id":15987,"date":"2025-01-04T14:33:01","date_gmt":"2025-01-04T14:33:01","guid":{"rendered":"https:\/\/elportaldorrego.com\/?p=15987"},"modified":"2025-01-04T14:33:02","modified_gmt":"2025-01-04T14:33:02","slug":"juan-chalde-recibio-el-director-de-region-sanitaria-1a","status":"publish","type":"post","link":"http:\/\/elportaldorrego.com\/?p=15987","title":{"rendered":"Juan Chalde recibi\u00f3 el director de Regi\u00f3n Sanitaria 1\u00aa"},"content":{"rendered":"\n<p><\/p>\n\n\n\n<p>&nbsp;&nbsp;&nbsp;&nbsp;&nbsp;&nbsp;&nbsp;&nbsp;&nbsp;&nbsp;&nbsp; En la ma\u00f1ana de este viernes el intendente Chalde junto a integrantes de su gabinete de gobierno recibi\u00f3 al director de Regi\u00f3n Sanitaria 1\u00aa, Maximiliano N\u00fa\u00f1ez, quien concurri\u00f3 acompa\u00f1ado por integrantes de su equipo; en ese sentido present\u00f3 a la nueva Coordinadora de Dispositivos de Salud Mental de Regi\u00f3n Sanitaria, Valeria Drach.<\/p>\n\n\n\n<p>&nbsp;&nbsp;&nbsp;&nbsp;&nbsp;&nbsp;&nbsp;&nbsp;&nbsp;&nbsp;&nbsp; Adem\u00e1s en el transcurso del encuentro se habl\u00f3 de la actualidad de la salud en la regi\u00f3n y tambi\u00e9n se analizaron distintos proyectos y programas con la posibilidad de implementarse en este a\u00f1o. N\u00fa\u00f1ez y Chalde estuvieron de acuerdo en el trabajo en conjunto para el abordaje de los problem\u00e1ticas relacionadas con la salud p\u00fablica.<\/p>\n\n\n\n<p>Info y foto : Prensa municipalidad de C.Dorrego <\/p>\n","protected":false},"excerpt":{"rendered":"<p>&nbsp;&nbsp;&nbsp;&nbsp;&nbsp;&nbsp;&nbsp;&nbsp;&nbsp;&nbsp;&nbsp; En la ma\u00f1ana de este viernes el intendente Chalde junto a integrantes de su gabinete de gobierno recibi\u00f3 al director de Regi\u00f3n Sanitaria 1\u00aa, Maximiliano N\u00fa\u00f1ez, quien concurri\u00f3 acompa\u00f1ado por integrantes de su equipo; en ese sentido present\u00f3 a la nueva Coordinadora de Dispositivos de Salud Mental de Regi\u00f3n Sanitaria, Valeria Drach. &nbsp;&nbsp;&nbsp;&nbsp;&nbsp;&nbsp;&nbsp;&nbsp;&nbsp;&nbsp;&nbsp; Adem\u00e1s &hellip;<\/p>\n","protected":false},"author":4,"featured_media":0,"comment_status":"open","ping_status":"open","sticky":false,"template":"","format":"standard","meta":{"footnotes":""},"categories":[69],"tags":[],"class_list":["post-15987","post","type-post","status-publish","format-standard","","category-locales"],"_links":{"self":[{"href":"http:\/\/elportaldorrego.com\/index.php?rest_route=\/wp\/v2\/posts\/15987"}],"collection":[{"href":"http:\/\/elportaldorrego.com\/index.php?rest_route=\/wp\/v2\/posts"}],"about":[{"href":"http:\/\/elportaldorrego.com\/index.php?rest_route=\/wp\/v2\/types\/post"}],"author":[{"embeddable":true,"href":"http:\/\/elportaldorrego.com\/index.php?rest_route=\/wp\/v2\/users\/4"}],"replies":[{"embeddable":true,"href":"http:\/\/elportaldorrego.com\/index.php?rest_route=%2Fwp%2Fv2%2Fcomments&post=15987"}],"version-history":[{"count":1,"href":"http:\/\/elportaldorrego.com\/index.php?rest_route=\/wp\/v2\/posts\/15987\/revisions"}],"predecessor-version":[{"id":15989,"href":"http:\/\/elportaldorrego.com\/index.php?rest_route=\/wp\/v2\/posts\/15987\/revisions\/15989"}],"wp:attachment":[{"href":"http:\/\/elportaldorrego.com\/index.php?rest_route=%2Fwp%2Fv2%2Fmedia&parent=15987"}],"wp:term":[{"taxonomy":"category","embeddable":true,"href":"http:\/\/elportaldorrego.com\/index.php?rest_route=%2Fwp%2Fv2%2Fcategories&post=15987"},{"taxonomy":"post_tag","embeddable":true,"href":"http:\/\/elportaldorrego.com\/index.php?rest_route=%2Fwp%2Fv2%2Ftags&post=15987"}],"curies":[{"name":"wp","href":"https:\/\/api.w.org\/{rel}","templated":true}]}}