{"id":19020,"date":"2026-09-02T10:37:25","date_gmt":"2026-09-02T10:37:25","guid":{"rendered":"https:\/\/elportaldorrego.com\/?p=19020"},"modified":"2026-09-02T10:37:25","modified_gmt":"2026-09-02T10:37:25","slug":"este-viernes-a-las-10-sera-el-acto-por-el-dia-del-inmigrante","status":"publish","type":"post","link":"http:\/\/elportaldorrego.com\/?p=19020","title":{"rendered":"Este viernes a las 10 ser\u00e1 el Acto por el D\u00eda del Inmigrante"},"content":{"rendered":"\n<p><\/p>\n\n\n\n<p>La Municipalidad anunci\u00f3 para el venidero viernes 4 el Acto en conmemoraci\u00f3n del D\u00eda del Inmigrante; ser\u00e1 en la plazoleta de Maciel y Ramos Ojeda a partir de las 10. Desde Protocolo de la comuna se invit\u00f3 a concurrir con banderas de ceremonia. Como acontece todos los a\u00f1os, los representantes de las diferentes colectividades se re\u00fanen en torno al Monumento al Inmigrante y llevan a cabo un emotivo acto de recordaci\u00f3n y homenaje para quienes llegaron a estas tierras en busca de paz y futuro; convirti\u00e9ndose con el tiempo en protagonistas fundamentales del desarrollo productivo, social y cultural del distrito.<\/p>\n\n\n\n<p>Info: Prensa municipalidad de C.Dorrego <\/p>\n\n\n\n<p><\/p>\n\n\n\n<figure class=\"wp-block-image size-full\"><img loading=\"lazy\" decoding=\"async\" width=\"513\" height=\"363\" src=\"http:\/\/elportaldorrego.com\/wp-content\/uploads\/2026\/09\/image002-2.jpg\" alt=\"\" class=\"wp-image-19021\" srcset=\"http:\/\/elportaldorrego.com\/wp-content\/uploads\/2026\/09\/image002-2.jpg 513w, http:\/\/elportaldorrego.com\/wp-content\/uploads\/2026\/09\/image002-2-300x212.jpg 300w\" sizes=\"(max-width: 513px) 100vw, 513px\" \/><\/figure>\n","protected":false},"excerpt":{"rendered":"<p>La Municipalidad anunci\u00f3 para el venidero viernes 4 el Acto en conmemoraci\u00f3n del D\u00eda del Inmigrante; ser\u00e1 en la plazoleta de Maciel y Ramos Ojeda a partir de las 10. Desde Protocolo de la comuna se invit\u00f3 a concurrir con banderas de ceremonia. Como acontece todos los a\u00f1os, los representantes de las diferentes colectividades se &hellip;<\/p>\n","protected":false},"author":4,"featured_media":19021,"comment_status":"open","ping_status":"open","sticky":false,"template":"","format":"standard","meta":{"footnotes":""},"categories":[69],"tags":[],"class_list":["post-19020","post","type-post","status-publish","format-standard","has-post-thumbnail","","category-locales"],"_links":{"self":[{"href":"http:\/\/elportaldorrego.com\/index.php?rest_route=\/wp\/v2\/posts\/19020"}],"collection":[{"href":"http:\/\/elportaldorrego.com\/index.php?rest_route=\/wp\/v2\/posts"}],"about":[{"href":"http:\/\/elportaldorrego.com\/index.php?rest_route=\/wp\/v2\/types\/post"}],"author":[{"embeddable":true,"href":"http:\/\/elportaldorrego.com\/index.php?rest_route=\/wp\/v2\/users\/4"}],"replies":[{"embeddable":true,"href":"http:\/\/elportaldorrego.com\/index.php?rest_route=%2Fwp%2Fv2%2Fcomments&post=19020"}],"version-history":[{"count":1,"href":"http:\/\/elportaldorrego.com\/index.php?rest_route=\/wp\/v2\/posts\/19020\/revisions"}],"predecessor-version":[{"id":19022,"href":"http:\/\/elportaldorrego.com\/index.php?rest_route=\/wp\/v2\/posts\/19020\/revisions\/19022"}],"wp:featuredmedia":[{"embeddable":true,"href":"http:\/\/elportaldorrego.com\/index.php?rest_route=\/wp\/v2\/media\/19021"}],"wp:attachment":[{"href":"http:\/\/elportaldorrego.com\/index.php?rest_route=%2Fwp%2Fv2%2Fmedia&parent=19020"}],"wp:term":[{"taxonomy":"category","embeddable":true,"href":"http:\/\/elportaldorrego.com\/index.php?rest_route=%2Fwp%2Fv2%2Fcategories&post=19020"},{"taxonomy":"post_tag","embeddable":true,"href":"http:\/\/elportaldorrego.com\/index.php?rest_route=%2Fwp%2Fv2%2Ftags&post=19020"}],"curies":[{"name":"wp","href":"https:\/\/api.w.org\/{rel}","templated":true}]}}