{"id":10176,"date":"2023-09-10T22:48:38","date_gmt":"2023-09-10T22:48:38","guid":{"rendered":"http:\/\/elportaldorrego.com\/?p=10176"},"modified":"2023-09-11T02:38:57","modified_gmt":"2023-09-11T02:38:57","slug":"futbol-local-tres-empate-y-triunfo-local-en-la-6a-fecha","status":"publish","type":"post","link":"https:\/\/elportaldorrego.com\/?p=10176","title":{"rendered":"F\u00fatbol local : Tres empate y triunfo local en la 6\u00aa fecha"},"content":{"rendered":"\n<p>Se jug\u00f3 la 6\u00aa fecha del torneo oficial ( Apertura ) Centenario Club A. Independiente<\/p>\n\n\n\n<p><strong>S\u00edntesis<\/strong><\/p>\n\n\n\n<figure class=\"wp-block-image size-large\"><img decoding=\"async\" src=\"http:\/\/elportaldorrego.com\/wp-content\/uploads\/2023\/09\/IMG_20230910_172246_706-1024x1024.jpg\" alt=\"\" class=\"wp-image-10179\" \/><\/figure>\n\n\n\n<figure class=\"wp-block-image size-large\"><img decoding=\"async\" src=\"http:\/\/elportaldorrego.com\/wp-content\/uploads\/2023\/09\/IMG-20230910-WA0016-1024x768.jpg\" alt=\"\" class=\"wp-image-10185\" \/><\/figure>\n\n\n\n<figure class=\"wp-block-table\"><table><tbody><tr><td><strong>Escenario Domingo Ferro del Club Ferroviario<br>PRIMERA DIVISI\u00d3N<br>Ferroviario ( 0 )&nbsp;&nbsp;vs Independiente ( 0 )<\/strong><\/td><\/tr><tr><td><strong>Goles :<\/strong> No Hubo<\/td><\/tr><tr><td><strong>\u00c1rbitro&nbsp;:<\/strong> Omar Amezaga<\/td><\/tr><tr><td><strong>DIVISI\u00d3N RESERVA<br>Ferroviario ( 1 )\u00a0: <\/strong>Dario Santucho (P)<br><strong>Independiente ( 2 ) <\/strong>: Tom\u00e1s Hollender ( 2 )<br><strong>Expulsados : Marcos Monge ( F ) &#8212; Juan C. Bucciarelli  <\/strong><\/td><\/tr><tr><td><strong>Formaciones<\/strong>&nbsp;<strong>Primera<\/strong><\/td><\/tr><tr><td><strong>FERROVIARIO<\/strong><br><br>1 &#8211; Leonel Uranga<br>2 &#8211; Efrain Jalif<br>3 &#8211; Sergio Garc\u00eda<br>4 &#8211; Bruno Barrionuevo<br>5 &#8211; Matias De Marco ( Agust\u00edn Maidana )<br>6 &#8211; Matias Valdebenito<br>7 &#8211; Guido Lombardelli  ( Agust\u00edn Rodriguez )<br>8 &#8211; Nicolas Maidana  ( Emanuel Ruggeri )<br>9 &#8211; Agust\u00edn Jimenez<br>10 &#8211; Francisco De Abajo<br>11 &#8211; Benjam\u00edn Fern\u00e1ndez  ( Efrain Estrada )<br>DT: Daniel Faur<br><br><strong>INDEPENDIENTE :<\/strong><br><br>1 &#8211; Leandro Estebanez<br>2 &#8211; Pablo Gette<br>3 &#8211; Valentin Favre<br>4 &#8211; Lisandro D&#8217;addario<br>5 &#8211; Alejandro Rassmunsen<br>6 &#8211; Maximiliano Gette<br>7 &#8211; Leandro Etzel<br>8 &#8211; Bruno Sanchez  ( Agust\u00edn Biragnet )<br>9 &#8211; Ramiro Gerk<br>10 &#8211; Ian Sarti<br>11 &#8211; Nicolas La Petra<br><br>DT : Leandro Iribarren<\/td><\/tr><\/tbody><\/table><\/figure>\n\n\n\n<figure class=\"wp-block-image size-large\"><img decoding=\"async\" src=\"http:\/\/elportaldorrego.com\/wp-content\/uploads\/2023\/09\/thumbnail_IMG-20230910-WA0015-1024x825.jpg\" alt=\"\" class=\"wp-image-10187\" \/><\/figure>\n\n\n\n<figure class=\"wp-block-image size-large\"><img decoding=\"async\" src=\"http:\/\/elportaldorrego.com\/wp-content\/uploads\/2023\/09\/thumbnail_IMG-20230910-WA0018-1024x936.jpg\" alt=\"\" class=\"wp-image-10188\" \/><\/figure>\n\n\n\n<figure class=\"wp-block-image size-large\"><img decoding=\"async\" src=\"http:\/\/elportaldorrego.com\/wp-content\/uploads\/2023\/09\/IMG_20230910_172308_505-1024x1024.jpg\" alt=\"\" class=\"wp-image-10180\" \/><\/figure>\n\n\n\n<figure class=\"wp-block-table\"><table><tbody><tr><td><strong>Escenario Ogue Natalio Madariaga del Club Villa Rosa<br>PRIMERA DIVISI\u00d3N<br>Villa Rosa ( 5 ) &nbsp;vs &nbsp;Uni\u00f3n Pehuen Co ( 0 )<\/strong><\/td><\/tr><tr><td><strong>Goles :<\/strong> 35&#8242; Joaquin Maiques (V.R) &#8211; 44&#8242; Juan Pablo Schefer (V.R) &#8211; 45&#8242; y 52&#8242; Gianfranco Crisci (V.R) &#8211; 78&#8242; Nicolas Palacio (V.R)<\/td><\/tr><tr><td><strong>\u00c1rbitro&nbsp;:<\/strong> Felipe Zonco<\/td><\/tr><tr><td><strong>DIVISI\u00d3N RESERVA<br>Villa Rosa ( 4 ) : <\/strong>Matias Albacete ( 2 ) &#8212; Kevin Sepulveda &#8212; Gabriel Romero<br><strong>Uni\u00f3n Pehuen Co ( 2 ) :<\/strong> Jonatan Valdez &#8212; Nicolas Troche<br><strong>Expulsados : <\/strong>Valentin Esperanza  ( V.R. ) &#8212; Braian Marcos ( U.P. ) &#8212; Jorge Arevalo ( U.P. ) &#8212; Lucas Begbeder ( U.P. )<\/td><\/tr><tr><td><strong>Formaciones<\/strong>&nbsp;<strong>Primera<\/strong><\/td><\/tr><tr><td><strong>VILLA ROSA<\/strong><br>1- Rodrigo Papasidero<br>2- Alejandro Palacio<br>3 \u2013 Pablo Camargo<br>4 \u2013 Esteban Echeto ( 77&#8242; Tomas Pili )<br>5 \u2013 Juan P. Schefer ( 63&#8242; Juan Romero )<br>6 \u2013 Dario Pizarro (  73&#8242; Agustin Segui ) <br>7 \u2013 Luciano Papasidero<br>8 \u2013 Nicolas Palacio<br>9 \u2013 Joaquin Maiquez<br>10 \u2013 Matias Izzi ( 60&#8242; Nicolas Rodriguez )<br>11- Gianfranco Crisci ( 73&#8242; Benjamin Estrada )<br>D.T.: Emanuel Matelica<br><br><strong>UNION PEHUEN CO<\/strong><br>1 \u2013 Emanuel Escudero<br>2 \u2013 Mauro Ulvedal<br>3 \u2013 Carlos Rodriguez<br>4 \u2013 Andres Irure<br>5 \u2013 Emiliano Derieux<br>6 \u2013 Leonel Gomez<br>7 \u2013 Mat\u00edas De Dios ( 54 &#8216; Luciano Guerrero )<br>8 \u2013 Lucas Leguizamon ( 54&#8242; Pablo Garcia ) <br>9 \u2013 Diego Martinez<br>10 \u2013 Mat\u00edas Campos ( 76&#8242; Sebastian Irure )<br>11- Fernando Moreno<br>D.T.: Alfredo Oviedo<\/td><\/tr><\/tbody><\/table><\/figure>\n\n\n\n<figure class=\"wp-block-image size-large\"><img decoding=\"async\" src=\"http:\/\/elportaldorrego.com\/wp-content\/uploads\/2023\/09\/20230910_150057-1024x576.jpg\" alt=\"\" class=\"wp-image-10189\" \/><\/figure>\n\n\n\n<figure class=\"wp-block-image size-large\"><img decoding=\"async\" src=\"http:\/\/elportaldorrego.com\/wp-content\/uploads\/2023\/09\/thumbnail_20230910_150308-1024x576.jpg\" alt=\"\" class=\"wp-image-10182\" \/><\/figure>\n\n\n\n<figure class=\"wp-block-image size-large\"><img decoding=\"async\" src=\"http:\/\/elportaldorrego.com\/wp-content\/uploads\/2023\/09\/thumbnail_20230910_150202-1024x576.jpg\" alt=\"\" class=\"wp-image-10181\" \/><\/figure>\n\n\n\n<figure class=\"wp-block-image size-large\"><img decoding=\"async\" src=\"http:\/\/elportaldorrego.com\/wp-content\/uploads\/2023\/09\/thumbnail_IMG_20230910_172453_653-1024x1024.jpg\" alt=\"\" class=\"wp-image-10184\" \/><figcaption>100 PARTIDOS DE RODRIGO PAPASIDERO EN V.ROSA<\/figcaption><\/figure>\n\n\n\n<figure class=\"wp-block-image size-large\"><img decoding=\"async\" src=\"http:\/\/elportaldorrego.com\/wp-content\/uploads\/2023\/09\/thumbnail_20230910_165110-1024x576.jpg\" alt=\"\" class=\"wp-image-10183\" \/><figcaption>Los autores de los 5 goles de V.Rosa<\/figcaption><\/figure>\n\n\n\n<figure class=\"wp-block-image size-large\"><img decoding=\"async\" src=\"http:\/\/elportaldorrego.com\/wp-content\/uploads\/2023\/09\/IMG_20230910_172207_798-1024x1024.jpg\" alt=\"\" class=\"wp-image-10177\" \/><\/figure>\n\n\n\n<figure class=\"wp-block-table\"><table><tbody><tr><td><strong>Escenario Jos\u00e9 Pepe Avello del Club Progreso de El Perdido<br>PRIMERA DIVISI\u00d3N<br>Progreso ( 1 ) &nbsp;vs &nbsp;San Mart\u00edn ( 1 )<\/strong><\/td><\/tr><tr><td><strong>Goles :<\/strong> 3&#8242; Matias Prado (S.M) &#8211; 62&#8242; Franco Amestoy (Prog )<\/td><\/tr><tr><td><strong>\u00c1rbitro&nbsp;:<\/strong> Leticia Gimenez<br><strong>Expulsado :<\/strong> Adrian Pedraza ( S.M. )<\/td><\/tr><tr><td><strong>DIVISI\u00d3N RESERVA<br>Progreso ( 1 ) :<\/strong> Tom\u00e1s Maclen<br><strong>San Mart\u00edn ( 0 )<\/strong><\/td><\/tr><\/tbody><\/table><\/figure>\n\n\n\n<figure class=\"wp-block-image size-large\"><img decoding=\"async\" src=\"http:\/\/elportaldorrego.com\/wp-content\/uploads\/2023\/09\/IMG_20230910_172225_684-1024x1024.jpg\" alt=\"\" class=\"wp-image-10178\" \/><\/figure>\n\n\n\n<figure class=\"wp-block-table\"><table><tbody><tr><td><strong>Escenario 15 de Agosto del Club Atl\u00e9tico Monte Hermoso<br>PRIMERA DIVISI\u00d3N<br>A. Monte Hermoso ( 1 ) &nbsp;vs &nbsp;Porte\u00f1o ( 1 )<\/strong><\/td><\/tr><tr><td><strong>Goles :<\/strong> 42&#8242; Agust\u00edn Rojas ( A.M.H ) &#8212; 89&#8242; Maximiliano Mastrangelo ( Port.)<\/td><\/tr><tr><td><strong>\u00c1rbitro&nbsp;:<\/strong> Juan Vega<br><strong>Expulsado :<\/strong> Matias Vera ( Port. )<\/td><\/tr><tr><td><strong>DIVISI\u00d3N RESERVA<br>A. Monte Hermoso ( 3 ) : <\/strong>Tomas Coronel ( 2 ) &#8212; Thiago Telgarecz<strong><br>Porte\u00f1o ( 4 ) :<\/strong> Bautista Neudert ( 3 ) &#8212; Facundo Cleppe<\/td><\/tr><\/tbody><\/table><\/figure>\n\n\n\n<figure class=\"wp-block-image size-large\"><img decoding=\"async\" src=\"http:\/\/elportaldorrego.com\/wp-content\/uploads\/2023\/09\/IMG-20230910-WA0021-1024x1024.jpg\" alt=\"\" class=\"wp-image-10191\" \/><\/figure>\n\n\n\n<figure class=\"wp-block-table\"><table><tbody><tr><td>Goleadores sub 23 \/ Reserva :<\/td><\/tr><tr><td>Tomas Garcia Hollender ( I ) 6<br>Tomas Hollender ( I ) 6<br>Juan Moulia ( I ) 4<br>Thiago Telgarecz ( A.M.H. ) 4<br>Bautista Neudert ( Port. )  4<br>Nicolas Nu\u00f1ez ( V.R. ) 3<br>Tomas Maclen ( Prog. ) 3<\/td><\/tr><\/tbody><\/table><\/figure>\n\n\n\n<figure class=\"wp-block-image size-large\"><img decoding=\"async\" src=\"http:\/\/elportaldorrego.com\/wp-content\/uploads\/2023\/09\/IMG-20230910-WA0020-1024x1024.jpg\" alt=\"\" class=\"wp-image-10190\" \/><\/figure>\n\n\n\n<figure class=\"wp-block-table\"><table><tbody><tr><td>Goleadores Primera<\/td><\/tr><tr><td>Federico Mellado ( Prog. ) 5<br>Adrian Pedraza ( S.M. ) 5<br>Gianfranco Crisci ( V.R. ) 5<br>Juan Peralta ( A.M.H. ) 4<br>Joaquin Maiquez ( V.R. ) 4<br>Matias Izzi ( V.R. ) 3<br>Benjamin Fernandez Garcia ( F ) 3<br>Juan Pablo Schefer ( V.R. ) 3<\/td><\/tr><\/tbody><\/table><\/figure>\n\n\n\n<figure class=\"wp-block-image size-large\"><img decoding=\"async\" src=\"http:\/\/elportaldorrego.com\/wp-content\/uploads\/2023\/09\/IMG-20230910-WA0022-1024x1024.jpg\" alt=\"\" class=\"wp-image-10192\" \/><\/figure>\n","protected":false},"excerpt":{"rendered":"<p>Se jug\u00f3 la 6\u00aa fecha del torneo oficial ( Apertura ) Centenario Club A. Independiente S\u00edntesis Escenario Domingo Ferro del Club FerroviarioPRIMERA DIVISI\u00d3NFerroviario ( 0 )&nbsp;&nbsp;vs Independiente ( 0 )Goles : No Hubo\u00c1rbitro&nbsp;: Omar AmezagaDIVISI\u00d3N RESERVAFerroviario ( 1 )\u00a0: Dario Santucho (P)Independiente ( 2 ) : Tom\u00e1s Hollender ( 2 )Expulsados : Marcos Monge ( &hellip;<\/p>\n","protected":false},"author":4,"featured_media":0,"comment_status":"open","ping_status":"open","sticky":false,"template":"","format":"standard","meta":{"footnotes":""},"categories":[73],"tags":[],"class_list":["post-10176","post","type-post","status-publish","format-standard","","category-deportes"],"_links":{"self":[{"href":"https:\/\/elportaldorrego.com\/index.php?rest_route=\/wp\/v2\/posts\/10176"}],"collection":[{"href":"https:\/\/elportaldorrego.com\/index.php?rest_route=\/wp\/v2\/posts"}],"about":[{"href":"https:\/\/elportaldorrego.com\/index.php?rest_route=\/wp\/v2\/types\/post"}],"author":[{"embeddable":true,"href":"https:\/\/elportaldorrego.com\/index.php?rest_route=\/wp\/v2\/users\/4"}],"replies":[{"embeddable":true,"href":"https:\/\/elportaldorrego.com\/index.php?rest_route=%2Fwp%2Fv2%2Fcomments&post=10176"}],"version-history":[{"count":2,"href":"https:\/\/elportaldorrego.com\/index.php?rest_route=\/wp\/v2\/posts\/10176\/revisions"}],"predecessor-version":[{"id":10197,"href":"https:\/\/elportaldorrego.com\/index.php?rest_route=\/wp\/v2\/posts\/10176\/revisions\/10197"}],"wp:attachment":[{"href":"https:\/\/elportaldorrego.com\/index.php?rest_route=%2Fwp%2Fv2%2Fmedia&parent=10176"}],"wp:term":[{"taxonomy":"category","embeddable":true,"href":"https:\/\/elportaldorrego.com\/index.php?rest_route=%2Fwp%2Fv2%2Fcategories&post=10176"},{"taxonomy":"post_tag","embeddable":true,"href":"https:\/\/elportaldorrego.com\/index.php?rest_route=%2Fwp%2Fv2%2Ftags&post=10176"}],"curies":[{"name":"wp","href":"https:\/\/api.w.org\/{rel}","templated":true}]}}