{"id":10236,"date":"2023-09-21T11:32:05","date_gmt":"2023-09-21T11:32:05","guid":{"rendered":"https:\/\/elportaldorrego.com\/?p=10236"},"modified":"2023-09-21T11:32:16","modified_gmt":"2023-09-21T11:32:16","slug":"sera-inaugurado-el-salon-de-fiestas-de-la-sociedad-empleados-de-comercio","status":"publish","type":"post","link":"https:\/\/elportaldorrego.com\/?p=10236","title":{"rendered":"Ser\u00e1 inaugurado el sal\u00f3n de fiestas de la Sociedad Empleados de Comercio"},"content":{"rendered":"\n<p>En di\u00e1logo con Fm del sol 101.5 , la  secretaria general de la Sociedad Empleados de Comercio de C. Dorrego, Norma F\u00e9lix, coment\u00f3 que el  d\u00eda del empleado de comercio , 26 de septiembre , se pasa para el d\u00eda lunes 25 , d\u00eda que ser\u00e1 inaugurado mediante un acto Protocolar el sal\u00f3n de fiestas ubicado en su  predio <\/p>\n\n\n\n<p>Ser\u00e1 desde las 17 : 30 hs<\/p>\n\n\n\n<p>Audio de la nota con Norma <\/p>\n\n\n\n<figure class=\"wp-block-audio\"><audio controls src=\"http:\/\/elportaldorrego.com\/wp-content\/uploads\/2023\/09\/NORMA-FELIX-13-9-23-2.mp3\"><\/audio><\/figure>\n","protected":false},"excerpt":{"rendered":"<p>En di\u00e1logo con Fm del sol 101.5 , la secretaria general de la Sociedad Empleados de Comercio de C. Dorrego, Norma F\u00e9lix, coment\u00f3 que el d\u00eda del empleado de comercio , 26 de septiembre , se pasa para el d\u00eda lunes 25 , d\u00eda que ser\u00e1 inaugurado mediante un acto Protocolar el sal\u00f3n de fiestas &hellip;<\/p>\n","protected":false},"author":4,"featured_media":0,"comment_status":"open","ping_status":"open","sticky":false,"template":"","format":"standard","meta":{"footnotes":""},"categories":[69],"tags":[],"class_list":["post-10236","post","type-post","status-publish","format-standard","","category-locales"],"_links":{"self":[{"href":"https:\/\/elportaldorrego.com\/index.php?rest_route=\/wp\/v2\/posts\/10236"}],"collection":[{"href":"https:\/\/elportaldorrego.com\/index.php?rest_route=\/wp\/v2\/posts"}],"about":[{"href":"https:\/\/elportaldorrego.com\/index.php?rest_route=\/wp\/v2\/types\/post"}],"author":[{"embeddable":true,"href":"https:\/\/elportaldorrego.com\/index.php?rest_route=\/wp\/v2\/users\/4"}],"replies":[{"embeddable":true,"href":"https:\/\/elportaldorrego.com\/index.php?rest_route=%2Fwp%2Fv2%2Fcomments&post=10236"}],"version-history":[{"count":1,"href":"https:\/\/elportaldorrego.com\/index.php?rest_route=\/wp\/v2\/posts\/10236\/revisions"}],"predecessor-version":[{"id":10410,"href":"https:\/\/elportaldorrego.com\/index.php?rest_route=\/wp\/v2\/posts\/10236\/revisions\/10410"}],"wp:attachment":[{"href":"https:\/\/elportaldorrego.com\/index.php?rest_route=%2Fwp%2Fv2%2Fmedia&parent=10236"}],"wp:term":[{"taxonomy":"category","embeddable":true,"href":"https:\/\/elportaldorrego.com\/index.php?rest_route=%2Fwp%2Fv2%2Fcategories&post=10236"},{"taxonomy":"post_tag","embeddable":true,"href":"https:\/\/elportaldorrego.com\/index.php?rest_route=%2Fwp%2Fv2%2Ftags&post=10236"}],"curies":[{"name":"wp","href":"https:\/\/api.w.org\/{rel}","templated":true}]}}