{"id":10245,"date":"2023-09-14T11:32:40","date_gmt":"2023-09-14T11:32:40","guid":{"rendered":"https:\/\/elportaldorrego.com\/?p=10245"},"modified":"2023-09-14T11:32:42","modified_gmt":"2023-09-14T11:32:42","slug":"desarrollo-social-entrega-de-apoyo-alimentario-15","status":"publish","type":"post","link":"https:\/\/elportaldorrego.com\/?p=10245","title":{"rendered":"Desarrollo Social. Entrega de apoyo alimentario"},"content":{"rendered":"\n<p><\/p>\n\n\n\n<p>\u00a0La Direcci\u00f3n de Desarrollo Social de la comuna inform\u00f3 que realizar\u00e1 entrega de apoyo alimentario los d\u00edas jueves 21 y viernes 22. En ese sentido solicit\u00f3 asistir con el DNI correspondiente al\u00a0dep\u00f3sito\u00a0de Desarrollo Social de 8 a 13.<\/p>\n\n\n\n<p>Info e imagen  :  Prensa municipalidad de C.Dorrego <\/p>\n\n\n\n<figure class=\"wp-block-image size-large\"><img decoding=\"async\" src=\"http:\/\/elportaldorrego.com\/wp-content\/uploads\/2023\/09\/Desarrollo-Social-819x1024.png\" alt=\"\" class=\"wp-image-10246\" \/><\/figure>\n","protected":false},"excerpt":{"rendered":"<p>\u00a0La Direcci\u00f3n de Desarrollo Social de la comuna inform\u00f3 que realizar\u00e1 entrega de apoyo alimentario los d\u00edas jueves 21 y viernes 22. En ese sentido solicit\u00f3 asistir con el DNI correspondiente al\u00a0dep\u00f3sito\u00a0de Desarrollo Social de 8 a 13. Info e imagen : Prensa municipalidad de C.Dorrego<\/p>\n","protected":false},"author":4,"featured_media":0,"comment_status":"open","ping_status":"open","sticky":false,"template":"","format":"standard","meta":{"footnotes":""},"categories":[69],"tags":[],"class_list":["post-10245","post","type-post","status-publish","format-standard","","category-locales"],"_links":{"self":[{"href":"https:\/\/elportaldorrego.com\/index.php?rest_route=\/wp\/v2\/posts\/10245"}],"collection":[{"href":"https:\/\/elportaldorrego.com\/index.php?rest_route=\/wp\/v2\/posts"}],"about":[{"href":"https:\/\/elportaldorrego.com\/index.php?rest_route=\/wp\/v2\/types\/post"}],"author":[{"embeddable":true,"href":"https:\/\/elportaldorrego.com\/index.php?rest_route=\/wp\/v2\/users\/4"}],"replies":[{"embeddable":true,"href":"https:\/\/elportaldorrego.com\/index.php?rest_route=%2Fwp%2Fv2%2Fcomments&post=10245"}],"version-history":[{"count":1,"href":"https:\/\/elportaldorrego.com\/index.php?rest_route=\/wp\/v2\/posts\/10245\/revisions"}],"predecessor-version":[{"id":10247,"href":"https:\/\/elportaldorrego.com\/index.php?rest_route=\/wp\/v2\/posts\/10245\/revisions\/10247"}],"wp:attachment":[{"href":"https:\/\/elportaldorrego.com\/index.php?rest_route=%2Fwp%2Fv2%2Fmedia&parent=10245"}],"wp:term":[{"taxonomy":"category","embeddable":true,"href":"https:\/\/elportaldorrego.com\/index.php?rest_route=%2Fwp%2Fv2%2Fcategories&post=10245"},{"taxonomy":"post_tag","embeddable":true,"href":"https:\/\/elportaldorrego.com\/index.php?rest_route=%2Fwp%2Fv2%2Ftags&post=10245"}],"curies":[{"name":"wp","href":"https:\/\/api.w.org\/{rel}","templated":true}]}}