{"id":10248,"date":"2023-09-14T11:47:26","date_gmt":"2023-09-14T11:47:26","guid":{"rendered":"https:\/\/elportaldorrego.com\/?p=10248"},"modified":"2023-09-14T11:47:28","modified_gmt":"2023-09-14T11:47:28","slug":"genero-y-diversidad-charla-de-evangelina-castro-suspendida","status":"publish","type":"post","link":"https:\/\/elportaldorrego.com\/?p=10248","title":{"rendered":"G\u00e9nero y Diversidad. Charla de Evangelina Castro. Suspendida"},"content":{"rendered":"\n<p><strong><br><\/strong>\u00a0Desde el \u00c1rea\u00a0de G\u00e9nero y Diversidad se inform\u00f3 que la charla anunciada para el pr\u00f3ximo\u00a0viernes, quedar\u00e1 suspendida debido a cuestiones personales y laborales que fueron comunicadas por la disertante, Evangelina Castro. En la brevedad ser\u00e1 reprogramada para darle continuidad al ciclo en curso.<\/p>\n\n\n\n<p>Info e imagen  : Prensa municipalidad de C.Dorrego <\/p>\n\n\n\n<figure class=\"wp-block-image size-large\"><img decoding=\"async\" src=\"http:\/\/elportaldorrego.com\/wp-content\/uploads\/2023\/09\/charla-cancelada-819x1024.jpeg\" alt=\"\" class=\"wp-image-10249\" \/><\/figure>\n","protected":false},"excerpt":{"rendered":"<p>\u00a0Desde el \u00c1rea\u00a0de G\u00e9nero y Diversidad se inform\u00f3 que la charla anunciada para el pr\u00f3ximo\u00a0viernes, quedar\u00e1 suspendida debido a cuestiones personales y laborales que fueron comunicadas por la disertante, Evangelina Castro. En la brevedad ser\u00e1 reprogramada para darle continuidad al ciclo en curso. Info e imagen : Prensa municipalidad de C.Dorrego<\/p>\n","protected":false},"author":4,"featured_media":0,"comment_status":"open","ping_status":"open","sticky":false,"template":"","format":"standard","meta":{"footnotes":""},"categories":[69],"tags":[],"class_list":["post-10248","post","type-post","status-publish","format-standard","","category-locales"],"_links":{"self":[{"href":"https:\/\/elportaldorrego.com\/index.php?rest_route=\/wp\/v2\/posts\/10248"}],"collection":[{"href":"https:\/\/elportaldorrego.com\/index.php?rest_route=\/wp\/v2\/posts"}],"about":[{"href":"https:\/\/elportaldorrego.com\/index.php?rest_route=\/wp\/v2\/types\/post"}],"author":[{"embeddable":true,"href":"https:\/\/elportaldorrego.com\/index.php?rest_route=\/wp\/v2\/users\/4"}],"replies":[{"embeddable":true,"href":"https:\/\/elportaldorrego.com\/index.php?rest_route=%2Fwp%2Fv2%2Fcomments&post=10248"}],"version-history":[{"count":1,"href":"https:\/\/elportaldorrego.com\/index.php?rest_route=\/wp\/v2\/posts\/10248\/revisions"}],"predecessor-version":[{"id":10250,"href":"https:\/\/elportaldorrego.com\/index.php?rest_route=\/wp\/v2\/posts\/10248\/revisions\/10250"}],"wp:attachment":[{"href":"https:\/\/elportaldorrego.com\/index.php?rest_route=%2Fwp%2Fv2%2Fmedia&parent=10248"}],"wp:term":[{"taxonomy":"category","embeddable":true,"href":"https:\/\/elportaldorrego.com\/index.php?rest_route=%2Fwp%2Fv2%2Fcategories&post=10248"},{"taxonomy":"post_tag","embeddable":true,"href":"https:\/\/elportaldorrego.com\/index.php?rest_route=%2Fwp%2Fv2%2Ftags&post=10248"}],"curies":[{"name":"wp","href":"https:\/\/api.w.org\/{rel}","templated":true}]}}