{"id":10251,"date":"2023-09-14T12:17:20","date_gmt":"2023-09-14T12:17:20","guid":{"rendered":"https:\/\/elportaldorrego.com\/?p=10251"},"modified":"2023-09-14T12:19:51","modified_gmt":"2023-09-14T12:19:51","slug":"capacitaciones-sobre-huerta-agroecologica-2","status":"publish","type":"post","link":"https:\/\/elportaldorrego.com\/?p=10251","title":{"rendered":"Capacitaciones sobre\u00a0Huerta\u00a0Agroecol\u00f3gica"},"content":{"rendered":"\n<p><\/p>\n\n\n\n<p>&nbsp;Producci\u00f3n de la comuna inform\u00f3 que juntamente con el INTA y dentro del Programa Pro-Huerta&nbsp;se desarrollar\u00e1 una capacitaci\u00f3n sobre&nbsp;Huerta&nbsp;Agroecol\u00f3gica el venidero 18 de septiembre. Ser\u00e1 a las 9:30 en la Delegaci\u00f3n Municipal de El Perdido.<\/p>\n\n\n\n<p>Info e imagen  : Prensa municipalidad de C.Dorrego <\/p>\n\n\n\n<figure class=\"wp-block-image size-large\"><img decoding=\"async\" src=\"http:\/\/elportaldorrego.com\/wp-content\/uploads\/2023\/09\/18-capacitacion-819x1024.png\" alt=\"\" class=\"wp-image-10252\" \/><\/figure>\n","protected":false},"excerpt":{"rendered":"<p>&nbsp;Producci\u00f3n de la comuna inform\u00f3 que juntamente con el INTA y dentro del Programa Pro-Huerta&nbsp;se desarrollar\u00e1 una capacitaci\u00f3n sobre&nbsp;Huerta&nbsp;Agroecol\u00f3gica el venidero 18 de septiembre. Ser\u00e1 a las 9:30 en la Delegaci\u00f3n Municipal de El Perdido. Info e imagen : Prensa municipalidad de C.Dorrego<\/p>\n","protected":false},"author":4,"featured_media":0,"comment_status":"open","ping_status":"open","sticky":false,"template":"","format":"standard","meta":{"footnotes":""},"categories":[69],"tags":[],"class_list":["post-10251","post","type-post","status-publish","format-standard","","category-locales"],"_links":{"self":[{"href":"https:\/\/elportaldorrego.com\/index.php?rest_route=\/wp\/v2\/posts\/10251"}],"collection":[{"href":"https:\/\/elportaldorrego.com\/index.php?rest_route=\/wp\/v2\/posts"}],"about":[{"href":"https:\/\/elportaldorrego.com\/index.php?rest_route=\/wp\/v2\/types\/post"}],"author":[{"embeddable":true,"href":"https:\/\/elportaldorrego.com\/index.php?rest_route=\/wp\/v2\/users\/4"}],"replies":[{"embeddable":true,"href":"https:\/\/elportaldorrego.com\/index.php?rest_route=%2Fwp%2Fv2%2Fcomments&post=10251"}],"version-history":[{"count":2,"href":"https:\/\/elportaldorrego.com\/index.php?rest_route=\/wp\/v2\/posts\/10251\/revisions"}],"predecessor-version":[{"id":10255,"href":"https:\/\/elportaldorrego.com\/index.php?rest_route=\/wp\/v2\/posts\/10251\/revisions\/10255"}],"wp:attachment":[{"href":"https:\/\/elportaldorrego.com\/index.php?rest_route=%2Fwp%2Fv2%2Fmedia&parent=10251"}],"wp:term":[{"taxonomy":"category","embeddable":true,"href":"https:\/\/elportaldorrego.com\/index.php?rest_route=%2Fwp%2Fv2%2Fcategories&post=10251"},{"taxonomy":"post_tag","embeddable":true,"href":"https:\/\/elportaldorrego.com\/index.php?rest_route=%2Fwp%2Fv2%2Ftags&post=10251"}],"curies":[{"name":"wp","href":"https:\/\/api.w.org\/{rel}","templated":true}]}}