{"id":10256,"date":"2023-09-14T14:36:31","date_gmt":"2023-09-14T14:36:31","guid":{"rendered":"https:\/\/elportaldorrego.com\/?p=10256"},"modified":"2023-09-14T15:04:06","modified_gmt":"2023-09-14T15:04:06","slug":"100-anos-del-club-a-independiente","status":"publish","type":"post","link":"https:\/\/elportaldorrego.com\/?p=10256","title":{"rendered":"100 a\u00f1os del Club A. Independiente"},"content":{"rendered":"\n<p>14 de septiembre , el  Club Atletico Independiente de C.Dorrego  est\u00e1 cumpliendo 100 a\u00f1os , en la \u00faltimas horas del d\u00eda mi\u00e9rcoles 13  , la familia roja se reuni\u00f3 en su sede social esperando la cero hora de este 14 de septiembre para festejar  el cumple 100<\/p>\n\n\n\n<p>Desde  las 19 : 30 hs de este jueves 14 , se realizar\u00e1 el Acto Protocolar <\/p>\n\n\n\n<p>El presidente del club Eugenio Arzoz , habl\u00f3 sobre el tema , en el Programa Segurola a la salida del Sol que se emite por Fm del Sol 101.5 de 8 a 10 : 30 hs con la conducci\u00f3n de Hugo Segurola<\/p>\n\n\n\n<figure class=\"wp-block-audio\"><audio controls src=\"http:\/\/elportaldorrego.com\/wp-content\/uploads\/2023\/09\/EUGENIO-ARZOZ-14-9-23.mp3\"><\/audio><\/figure>\n\n\n\n<p>Foto : Facebook Club A. Independiente <\/p>\n","protected":false},"excerpt":{"rendered":"<p>14 de septiembre , el Club Atletico Independiente de C.Dorrego est\u00e1 cumpliendo 100 a\u00f1os , en la \u00faltimas horas del d\u00eda mi\u00e9rcoles 13 , la familia roja se reuni\u00f3 en su sede social esperando la cero hora de este 14 de septiembre para festejar el cumple 100 Desde las 19 : 30 hs de este &hellip;<\/p>\n","protected":false},"author":4,"featured_media":0,"comment_status":"open","ping_status":"open","sticky":false,"template":"","format":"standard","meta":{"footnotes":""},"categories":[73,69],"tags":[],"class_list":["post-10256","post","type-post","status-publish","format-standard","","category-deportes","category-locales"],"_links":{"self":[{"href":"https:\/\/elportaldorrego.com\/index.php?rest_route=\/wp\/v2\/posts\/10256"}],"collection":[{"href":"https:\/\/elportaldorrego.com\/index.php?rest_route=\/wp\/v2\/posts"}],"about":[{"href":"https:\/\/elportaldorrego.com\/index.php?rest_route=\/wp\/v2\/types\/post"}],"author":[{"embeddable":true,"href":"https:\/\/elportaldorrego.com\/index.php?rest_route=\/wp\/v2\/users\/4"}],"replies":[{"embeddable":true,"href":"https:\/\/elportaldorrego.com\/index.php?rest_route=%2Fwp%2Fv2%2Fcomments&post=10256"}],"version-history":[{"count":2,"href":"https:\/\/elportaldorrego.com\/index.php?rest_route=\/wp\/v2\/posts\/10256\/revisions"}],"predecessor-version":[{"id":10265,"href":"https:\/\/elportaldorrego.com\/index.php?rest_route=\/wp\/v2\/posts\/10256\/revisions\/10265"}],"wp:attachment":[{"href":"https:\/\/elportaldorrego.com\/index.php?rest_route=%2Fwp%2Fv2%2Fmedia&parent=10256"}],"wp:term":[{"taxonomy":"category","embeddable":true,"href":"https:\/\/elportaldorrego.com\/index.php?rest_route=%2Fwp%2Fv2%2Fcategories&post=10256"},{"taxonomy":"post_tag","embeddable":true,"href":"https:\/\/elportaldorrego.com\/index.php?rest_route=%2Fwp%2Fv2%2Ftags&post=10256"}],"curies":[{"name":"wp","href":"https:\/\/api.w.org\/{rel}","templated":true}]}}