{"id":10307,"date":"2023-09-16T22:32:14","date_gmt":"2023-09-16T22:32:14","guid":{"rendered":"https:\/\/elportaldorrego.com\/?p=10307"},"modified":"2023-09-16T22:32:16","modified_gmt":"2023-09-16T22:32:16","slug":"futbol-menor-e-infantil-jugaron-porteno-y-progreso","status":"publish","type":"post","link":"https:\/\/elportaldorrego.com\/?p=10307","title":{"rendered":"F\u00fatbol Menor e Infantil  : jugaron Porte\u00f1o y Progreso"},"content":{"rendered":"\n<p>Con los partidos entre Porte\u00f1o y Progreso , este s\u00e1bado 16 contin\u00fao la 13\u00aa fecha ( 4\u00aa de la segunda rueda ) del torneo oficial F\u00fatbol menor e infantil centenario del club Independiente<\/p>\n\n\n\n<figure class=\"wp-block-table\"><table><tbody><tr><td><strong>Escenario del club Porte\u00f1o de Saldungaray <\/strong><br><strong>MENORES<\/strong><\/td><\/tr><tr><td><strong>SUB 13<\/strong><br><strong>Porte\u00f1o vs Progreso <\/strong><br>No jugaron ya que Progreso no present\u00f3 esta categor\u00eda <\/td><\/tr><tr><td><\/td><\/tr><tr><td><strong>SUB 15<\/strong><br><strong>Porte\u00f1o vs Progreso<\/strong><br>No jugaron ya que ambos no presentan esta categor\u00eda <\/td><\/tr><tr><td><\/td><\/tr><tr><td><strong>SUB 17<\/strong><br><strong>Porte\u00f1o : ( 2 ) : <\/strong>Valentin Morales &#8211; Atilio Amud<br><strong>Progreso : ( 3 ) : <\/strong>Kevin Enrique ( 2 ) &#8211; Xavier Galvan <\/td><\/tr><tr><td><strong>INFANTILES<\/strong><\/td><\/tr><tr><td><strong>SUB 11<\/strong><br><strong>Porte\u00f1o : ( 1 ) : <\/strong>Ulises Rohlmann<br><strong>Progreso : ( 5 ) : <\/strong>Jonas Moyano ( 3 )  &#8212; Benjamin Fernandez &#8211; Ian Didomenico <\/td><\/tr><tr><td><\/td><\/tr><tr><td><strong>SUB 10<\/strong><br>No jugaron ya que Progreso  no presenta esta divisi\u00f3n<\/td><\/tr><tr><td><\/td><\/tr><tr><td><strong>SUB 9<\/strong><br><strong>Porte\u00f1o vs Progreso<\/strong><br>No jugaron ya que Progreso no present\u00f3 esta categor\u00eda<\/td><\/tr><tr><td><\/td><\/tr><tr><td><strong>SUB 8<\/strong><br><strong>Porte\u00f1o vs Progreso<\/strong><br>No jugaron ya que Progreso no present\u00f3 esta categor\u00eda<\/td><\/tr><\/tbody><\/table><\/figure>\n\n\n\n<p>La fecha contin\u00faa de la siguiente manera<\/p>\n\n\n\n<p>Jueves 21 de septiembre a partir de 14 hs<br>Villa Rosa vs Santamarina<\/p>\n\n\n\n<p>Viernes 22 a confirmar Horario<\/p>\n\n\n\n<p>Cl\u00e1sico de Monte Hermoso , Atl\u00e9tico vs Suteryh<\/p>\n","protected":false},"excerpt":{"rendered":"<p>Con los partidos entre Porte\u00f1o y Progreso , este s\u00e1bado 16 contin\u00fao la 13\u00aa fecha ( 4\u00aa de la segunda rueda ) del torneo oficial F\u00fatbol menor e infantil centenario del club Independiente Escenario del club Porte\u00f1o de Saldungaray MENORESSUB 13Porte\u00f1o vs Progreso No jugaron ya que Progreso no present\u00f3 esta categor\u00eda SUB 15Porte\u00f1o vs &hellip;<\/p>\n","protected":false},"author":4,"featured_media":0,"comment_status":"open","ping_status":"open","sticky":false,"template":"","format":"standard","meta":{"footnotes":""},"categories":[73],"tags":[],"class_list":["post-10307","post","type-post","status-publish","format-standard","","category-deportes"],"_links":{"self":[{"href":"https:\/\/elportaldorrego.com\/index.php?rest_route=\/wp\/v2\/posts\/10307"}],"collection":[{"href":"https:\/\/elportaldorrego.com\/index.php?rest_route=\/wp\/v2\/posts"}],"about":[{"href":"https:\/\/elportaldorrego.com\/index.php?rest_route=\/wp\/v2\/types\/post"}],"author":[{"embeddable":true,"href":"https:\/\/elportaldorrego.com\/index.php?rest_route=\/wp\/v2\/users\/4"}],"replies":[{"embeddable":true,"href":"https:\/\/elportaldorrego.com\/index.php?rest_route=%2Fwp%2Fv2%2Fcomments&post=10307"}],"version-history":[{"count":1,"href":"https:\/\/elportaldorrego.com\/index.php?rest_route=\/wp\/v2\/posts\/10307\/revisions"}],"predecessor-version":[{"id":10308,"href":"https:\/\/elportaldorrego.com\/index.php?rest_route=\/wp\/v2\/posts\/10307\/revisions\/10308"}],"wp:attachment":[{"href":"https:\/\/elportaldorrego.com\/index.php?rest_route=%2Fwp%2Fv2%2Fmedia&parent=10307"}],"wp:term":[{"taxonomy":"category","embeddable":true,"href":"https:\/\/elportaldorrego.com\/index.php?rest_route=%2Fwp%2Fv2%2Fcategories&post=10307"},{"taxonomy":"post_tag","embeddable":true,"href":"https:\/\/elportaldorrego.com\/index.php?rest_route=%2Fwp%2Fv2%2Ftags&post=10307"}],"curies":[{"name":"wp","href":"https:\/\/api.w.org\/{rel}","templated":true}]}}