{"id":10347,"date":"2023-09-18T13:23:43","date_gmt":"2023-09-18T13:23:43","guid":{"rendered":"https:\/\/elportaldorrego.com\/?p=10347"},"modified":"2023-09-18T13:23:45","modified_gmt":"2023-09-18T13:23:45","slug":"segunda-jornada-de-discapacidad-en-coronel-dorrego","status":"publish","type":"post","link":"https:\/\/elportaldorrego.com\/?p=10347","title":{"rendered":"Segunda Jornada de Discapacidad en Coronel Dorrego"},"content":{"rendered":"\n<p>El Area de Personas Mayores y Personas con Discapacidad de Desarrollo Social de la comuna anunci\u00f3 la Segunda Jornada de Discapacidad en Coronel Dorrego. Tiene el prop\u00f3sito de de sensibilizar a la comunidad acerca de la tem\u00e1tica discapacidad con un enfoque de derechos, generar un espacio para compartir saberes, experiencias de vida, propiciando un espacio de reflexi\u00f3n. En ese marco se presentar\u00e1 la charla \u00abComprendiendo el Autismo\u00bb a cargo de la Licenciada Daiana Mart\u00ednez Pilia. Psicopedagoga de la Universidad Provincial del Sudoeste de Tres Arroyos.<\/p>\n\n\n\n<p>\u00a0\u00a0\u00a0\u00a0\u00a0\u00a0\u00a0\u00a0\u00a0\u00a0\u00a0 Ser\u00e1 el viernes 22 de 9 a 16 en el Centro Cultural a partir de 8 a 16.<\/p>\n\n\n\n<p>Info e imagen  : Prensa municipalidad de C.Dorrego <\/p>\n","protected":false},"excerpt":{"rendered":"<p>El Area de Personas Mayores y Personas con Discapacidad de Desarrollo Social de la comuna anunci\u00f3 la Segunda Jornada de Discapacidad en Coronel Dorrego. Tiene el prop\u00f3sito de de sensibilizar a la comunidad acerca de la tem\u00e1tica discapacidad con un enfoque de derechos, generar un espacio para compartir saberes, experiencias de vida, propiciando un espacio &hellip;<\/p>\n","protected":false},"author":4,"featured_media":0,"comment_status":"open","ping_status":"open","sticky":false,"template":"","format":"standard","meta":{"footnotes":""},"categories":[69],"tags":[],"class_list":["post-10347","post","type-post","status-publish","format-standard","","category-locales"],"_links":{"self":[{"href":"https:\/\/elportaldorrego.com\/index.php?rest_route=\/wp\/v2\/posts\/10347"}],"collection":[{"href":"https:\/\/elportaldorrego.com\/index.php?rest_route=\/wp\/v2\/posts"}],"about":[{"href":"https:\/\/elportaldorrego.com\/index.php?rest_route=\/wp\/v2\/types\/post"}],"author":[{"embeddable":true,"href":"https:\/\/elportaldorrego.com\/index.php?rest_route=\/wp\/v2\/users\/4"}],"replies":[{"embeddable":true,"href":"https:\/\/elportaldorrego.com\/index.php?rest_route=%2Fwp%2Fv2%2Fcomments&post=10347"}],"version-history":[{"count":1,"href":"https:\/\/elportaldorrego.com\/index.php?rest_route=\/wp\/v2\/posts\/10347\/revisions"}],"predecessor-version":[{"id":10349,"href":"https:\/\/elportaldorrego.com\/index.php?rest_route=\/wp\/v2\/posts\/10347\/revisions\/10349"}],"wp:attachment":[{"href":"https:\/\/elportaldorrego.com\/index.php?rest_route=%2Fwp%2Fv2%2Fmedia&parent=10347"}],"wp:term":[{"taxonomy":"category","embeddable":true,"href":"https:\/\/elportaldorrego.com\/index.php?rest_route=%2Fwp%2Fv2%2Fcategories&post=10347"},{"taxonomy":"post_tag","embeddable":true,"href":"https:\/\/elportaldorrego.com\/index.php?rest_route=%2Fwp%2Fv2%2Ftags&post=10347"}],"curies":[{"name":"wp","href":"https:\/\/api.w.org\/{rel}","templated":true}]}}