{"id":10367,"date":"2023-09-19T12:09:52","date_gmt":"2023-09-19T12:09:52","guid":{"rendered":"https:\/\/elportaldorrego.com\/?p=10367"},"modified":"2023-09-19T12:09:55","modified_gmt":"2023-09-19T12:09:55","slug":"disertacion-certificado-unico-de-discapacidad","status":"publish","type":"post","link":"https:\/\/elportaldorrego.com\/?p=10367","title":{"rendered":"Disertaci\u00f3n Certificado \u00danico de Discapacidad"},"content":{"rendered":"\n<p><\/p>\n\n\n\n<p>&nbsp;&nbsp;&nbsp;&nbsp;&nbsp;&nbsp;&nbsp;&nbsp;&nbsp;&nbsp;&nbsp; El \u00c1rea de Personas Mayores y Personas con Discapacidad invit\u00f3 a la disertaci\u00f3n de \u00abCertificado \u00danico de Discapacidad\u00bb a cargo del Equipo de la Junta de Discapacidad de la Direcci\u00f3n de Salud de la Municipalidad de Coronel Dorrego.<\/p>\n\n\n\n<p>&nbsp;&nbsp;&nbsp;&nbsp;&nbsp;&nbsp;&nbsp;&nbsp;&nbsp;&nbsp;&nbsp; Ser\u00e1 el 22 de septiembre en el marco de la 2a Jornada de Discapacidad.<\/p>\n\n\n\n<p>Info : Prensa municipalidad de C.Dorrego <\/p>\n\n\n\n<p><\/p>\n","protected":false},"excerpt":{"rendered":"<p>&nbsp;&nbsp;&nbsp;&nbsp;&nbsp;&nbsp;&nbsp;&nbsp;&nbsp;&nbsp;&nbsp; El \u00c1rea de Personas Mayores y Personas con Discapacidad invit\u00f3 a la disertaci\u00f3n de \u00abCertificado \u00danico de Discapacidad\u00bb a cargo del Equipo de la Junta de Discapacidad de la Direcci\u00f3n de Salud de la Municipalidad de Coronel Dorrego. &nbsp;&nbsp;&nbsp;&nbsp;&nbsp;&nbsp;&nbsp;&nbsp;&nbsp;&nbsp;&nbsp; Ser\u00e1 el 22 de septiembre en el marco de la 2a Jornada de Discapacidad. Info &hellip;<\/p>\n","protected":false},"author":4,"featured_media":0,"comment_status":"open","ping_status":"open","sticky":false,"template":"","format":"standard","meta":{"footnotes":""},"categories":[69],"tags":[],"class_list":["post-10367","post","type-post","status-publish","format-standard","","category-locales"],"_links":{"self":[{"href":"https:\/\/elportaldorrego.com\/index.php?rest_route=\/wp\/v2\/posts\/10367"}],"collection":[{"href":"https:\/\/elportaldorrego.com\/index.php?rest_route=\/wp\/v2\/posts"}],"about":[{"href":"https:\/\/elportaldorrego.com\/index.php?rest_route=\/wp\/v2\/types\/post"}],"author":[{"embeddable":true,"href":"https:\/\/elportaldorrego.com\/index.php?rest_route=\/wp\/v2\/users\/4"}],"replies":[{"embeddable":true,"href":"https:\/\/elportaldorrego.com\/index.php?rest_route=%2Fwp%2Fv2%2Fcomments&post=10367"}],"version-history":[{"count":1,"href":"https:\/\/elportaldorrego.com\/index.php?rest_route=\/wp\/v2\/posts\/10367\/revisions"}],"predecessor-version":[{"id":10368,"href":"https:\/\/elportaldorrego.com\/index.php?rest_route=\/wp\/v2\/posts\/10367\/revisions\/10368"}],"wp:attachment":[{"href":"https:\/\/elportaldorrego.com\/index.php?rest_route=%2Fwp%2Fv2%2Fmedia&parent=10367"}],"wp:term":[{"taxonomy":"category","embeddable":true,"href":"https:\/\/elportaldorrego.com\/index.php?rest_route=%2Fwp%2Fv2%2Fcategories&post=10367"},{"taxonomy":"post_tag","embeddable":true,"href":"https:\/\/elportaldorrego.com\/index.php?rest_route=%2Fwp%2Fv2%2Ftags&post=10367"}],"curies":[{"name":"wp","href":"https:\/\/api.w.org\/{rel}","templated":true}]}}