{"id":10369,"date":"2023-09-19T12:41:36","date_gmt":"2023-09-19T12:41:36","guid":{"rendered":"https:\/\/elportaldorrego.com\/?p=10369"},"modified":"2023-09-19T12:41:38","modified_gmt":"2023-09-19T12:41:38","slug":"programa-de-la-segunda-jornada-de-discapacidad","status":"publish","type":"post","link":"https:\/\/elportaldorrego.com\/?p=10369","title":{"rendered":"Programa de la Segunda Jornada de Discapacidad"},"content":{"rendered":"\n<p><\/p>\n\n\n\n<p>\u00a0\u00a0\u00a0\u00a0\u00a0\u00a0\u00a0\u00a0\u00a0\u00a0\u00a0 El \u00c1rea de Personas Mayores y Personas con Discapacidad de la Direcci\u00f3n de Desarrollo Social invit\u00f3 a la 2a Jornada de Discapacidad el 22 de septiembre de 9 a 16 en el Centro Cultural Municipal. El programa es el siguiente:<\/p>\n\n\n\n<figure class=\"wp-block-image size-large\"><img decoding=\"async\" src=\"http:\/\/elportaldorrego.com\/wp-content\/uploads\/2023\/09\/Jornada-Discapacidad-819x1024.jpg\" alt=\"\" class=\"wp-image-10370\" \/><\/figure>\n\n\n\n<p>Info e imagen  : Prensa municipalidad de C.Dorrego <\/p>\n\n\n\n<p><\/p>\n","protected":false},"excerpt":{"rendered":"<p>\u00a0\u00a0\u00a0\u00a0\u00a0\u00a0\u00a0\u00a0\u00a0\u00a0\u00a0 El \u00c1rea de Personas Mayores y Personas con Discapacidad de la Direcci\u00f3n de Desarrollo Social invit\u00f3 a la 2a Jornada de Discapacidad el 22 de septiembre de 9 a 16 en el Centro Cultural Municipal. El programa es el siguiente: Info e imagen : Prensa municipalidad de C.Dorrego<\/p>\n","protected":false},"author":4,"featured_media":0,"comment_status":"open","ping_status":"open","sticky":false,"template":"","format":"standard","meta":{"footnotes":""},"categories":[69],"tags":[],"class_list":["post-10369","post","type-post","status-publish","format-standard","","category-locales"],"_links":{"self":[{"href":"https:\/\/elportaldorrego.com\/index.php?rest_route=\/wp\/v2\/posts\/10369"}],"collection":[{"href":"https:\/\/elportaldorrego.com\/index.php?rest_route=\/wp\/v2\/posts"}],"about":[{"href":"https:\/\/elportaldorrego.com\/index.php?rest_route=\/wp\/v2\/types\/post"}],"author":[{"embeddable":true,"href":"https:\/\/elportaldorrego.com\/index.php?rest_route=\/wp\/v2\/users\/4"}],"replies":[{"embeddable":true,"href":"https:\/\/elportaldorrego.com\/index.php?rest_route=%2Fwp%2Fv2%2Fcomments&post=10369"}],"version-history":[{"count":1,"href":"https:\/\/elportaldorrego.com\/index.php?rest_route=\/wp\/v2\/posts\/10369\/revisions"}],"predecessor-version":[{"id":10371,"href":"https:\/\/elportaldorrego.com\/index.php?rest_route=\/wp\/v2\/posts\/10369\/revisions\/10371"}],"wp:attachment":[{"href":"https:\/\/elportaldorrego.com\/index.php?rest_route=%2Fwp%2Fv2%2Fmedia&parent=10369"}],"wp:term":[{"taxonomy":"category","embeddable":true,"href":"https:\/\/elportaldorrego.com\/index.php?rest_route=%2Fwp%2Fv2%2Fcategories&post=10369"},{"taxonomy":"post_tag","embeddable":true,"href":"https:\/\/elportaldorrego.com\/index.php?rest_route=%2Fwp%2Fv2%2Ftags&post=10369"}],"curies":[{"name":"wp","href":"https:\/\/api.w.org\/{rel}","templated":true}]}}