{"id":10393,"date":"2023-09-20T12:24:43","date_gmt":"2023-09-20T12:24:43","guid":{"rendered":"https:\/\/elportaldorrego.com\/?p=10393"},"modified":"2023-09-20T12:24:50","modified_gmt":"2023-09-20T12:24:50","slug":"area-de-genero-y-diversidad-23-de-septiembre-dia-de-los-derechos-politicos-de-la-mujer","status":"publish","type":"post","link":"https:\/\/elportaldorrego.com\/?p=10393","title":{"rendered":"Area de G\u00e9nero y Diversidad : 23 de Septiembre D\u00eda de los Derechos Pol\u00edticos de la Mujer"},"content":{"rendered":"\n<p><\/p>\n\n\n\n<p>\u00a0\u00a0\u00a0\u00a0\u00a0\u00a0\u00a0\u00a0\u00a0\u00a0\u00a0 El \u00c1rea de G\u00e9nero y Diversidad de la comuna, a prop\u00f3sito del D\u00eda Nacional de los Derechos Pol\u00edticos de la Mujer, se expres\u00f3 mencionando que \u00aben el a\u00f1o 1947 se promulg\u00f3 la ley del voto femenino. \u00a0El 11 de noviembre de 1951 las mujeres votaron por primera vez en Argentina\u00bb. Tambi\u00e9n destac\u00f3 que: \u00abHoy tenemos el derecho de elegir y ser elegidas gracias\u00a0 a la lucha de muchas mujeres argentinas\u00bb.<\/p>\n\n\n\n<p>Info e imagen  : Prensa municipalidad de C.Dorrego <\/p>\n\n\n\n<figure class=\"wp-block-image size-large\"><img decoding=\"async\" src=\"http:\/\/elportaldorrego.com\/wp-content\/uploads\/2023\/09\/Derechos-Politicos-de-la-Mujer-1-819x1024.jpg\" alt=\"\" class=\"wp-image-10394\" \/><\/figure>\n","protected":false},"excerpt":{"rendered":"<p>\u00a0\u00a0\u00a0\u00a0\u00a0\u00a0\u00a0\u00a0\u00a0\u00a0\u00a0 El \u00c1rea de G\u00e9nero y Diversidad de la comuna, a prop\u00f3sito del D\u00eda Nacional de los Derechos Pol\u00edticos de la Mujer, se expres\u00f3 mencionando que \u00aben el a\u00f1o 1947 se promulg\u00f3 la ley del voto femenino. \u00a0El 11 de noviembre de 1951 las mujeres votaron por primera vez en Argentina\u00bb. Tambi\u00e9n destac\u00f3 que: \u00abHoy &hellip;<\/p>\n","protected":false},"author":4,"featured_media":0,"comment_status":"open","ping_status":"open","sticky":false,"template":"","format":"standard","meta":{"footnotes":""},"categories":[69],"tags":[],"class_list":["post-10393","post","type-post","status-publish","format-standard","","category-locales"],"_links":{"self":[{"href":"https:\/\/elportaldorrego.com\/index.php?rest_route=\/wp\/v2\/posts\/10393"}],"collection":[{"href":"https:\/\/elportaldorrego.com\/index.php?rest_route=\/wp\/v2\/posts"}],"about":[{"href":"https:\/\/elportaldorrego.com\/index.php?rest_route=\/wp\/v2\/types\/post"}],"author":[{"embeddable":true,"href":"https:\/\/elportaldorrego.com\/index.php?rest_route=\/wp\/v2\/users\/4"}],"replies":[{"embeddable":true,"href":"https:\/\/elportaldorrego.com\/index.php?rest_route=%2Fwp%2Fv2%2Fcomments&post=10393"}],"version-history":[{"count":1,"href":"https:\/\/elportaldorrego.com\/index.php?rest_route=\/wp\/v2\/posts\/10393\/revisions"}],"predecessor-version":[{"id":10395,"href":"https:\/\/elportaldorrego.com\/index.php?rest_route=\/wp\/v2\/posts\/10393\/revisions\/10395"}],"wp:attachment":[{"href":"https:\/\/elportaldorrego.com\/index.php?rest_route=%2Fwp%2Fv2%2Fmedia&parent=10393"}],"wp:term":[{"taxonomy":"category","embeddable":true,"href":"https:\/\/elportaldorrego.com\/index.php?rest_route=%2Fwp%2Fv2%2Fcategories&post=10393"},{"taxonomy":"post_tag","embeddable":true,"href":"https:\/\/elportaldorrego.com\/index.php?rest_route=%2Fwp%2Fv2%2Ftags&post=10393"}],"curies":[{"name":"wp","href":"https:\/\/api.w.org\/{rel}","templated":true}]}}