{"id":10401,"date":"2023-09-20T14:14:07","date_gmt":"2023-09-20T14:14:07","guid":{"rendered":"https:\/\/elportaldorrego.com\/?p=10401"},"modified":"2023-09-20T14:28:21","modified_gmt":"2023-09-20T14:28:21","slug":"raul-reyes-entrego-una-bandera-a-infanteria-de-marina","status":"publish","type":"post","link":"https:\/\/elportaldorrego.com\/?p=10401","title":{"rendered":"Ra\u00fal Reyes entreg\u00f3 una Bandera a Infanter\u00eda de Marina"},"content":{"rendered":"\n<p><\/p>\n\n\n\n<p>&nbsp;&nbsp;&nbsp;&nbsp;&nbsp;&nbsp;&nbsp;&nbsp;&nbsp;&nbsp;&nbsp; El intendente Ra\u00fal Reyes recibi\u00f3 en la ma\u00f1ana de este mi\u00e9rcoles al Capit\u00e1n de Nav\u00edo Maximiliano Vega, Comandante de la Brigada Anfibia de Infanter\u00eda de Marina. En la ocasi\u00f3n se hizo referencia a un Acto desarrollado en 1972 en la Base de Infanter\u00eda de Marina en Bater\u00edas, que consisti\u00f3 en la entrega del Pabell\u00f3n de Guerra donado a esa Unidad de Combate, por la comuna del Partido de Coronel Dorrego. En esa oportunidad luego de hablar el por entonces intendente de Coronel Dorrego, Jorge Brussa, entreg\u00f3 la Ense\u00f1a Nacional al Brigadier Waldemar Giromini.<\/p>\n\n\n\n<p>&nbsp;&nbsp;&nbsp;&nbsp;&nbsp;&nbsp;&nbsp;&nbsp;&nbsp;&nbsp;&nbsp; Cabe agregar que desde su creaci\u00f3n esta Brigada de Infanter\u00eda intervino en los m\u00e1s destacados acontecimientos de nuestro Pa\u00eds, desplegando unidades al sur en 1978 ante la escalada de tensiones con Chile y en la defensa de nuestra soberan\u00eda en la Guerra de Malvinas. En 1994 una reestructuraci\u00f3n dentro del seno de la Armada dispuso su paso a reserva; en tanto, este a\u00f1o se cre\u00f3 y habilit\u00f3 la Brigada Anfibia de Infanter\u00eda de Marina, siendo su Comandante el Capit\u00e1n de Nav\u00edo Maximiliano Vega. La nueva brigada, se destac\u00f3, ha heredado intactos los valores y principios de su antecesora. En ese sentido el intendente Reyes entreg\u00f3 una Bandera Nacional en nombre del Distrito de Coronel Dorrego, entrega que ser\u00e1 oficializada en un acto que se llevar\u00e1 a cabo en la Base Naval de Puerto Belgrano el 26 de este mes.<\/p>\n\n\n\n<p>Info y foto :  Prensa municipalidad de C.Dorrego <\/p>\n\n\n\n<figure class=\"wp-block-image size-large\"><img decoding=\"async\" src=\"http:\/\/elportaldorrego.com\/wp-content\/uploads\/2023\/09\/Comandante-Infanteria-1024x575.jpg\" alt=\"\" class=\"wp-image-10402\" \/><\/figure>\n","protected":false},"excerpt":{"rendered":"<p>&nbsp;&nbsp;&nbsp;&nbsp;&nbsp;&nbsp;&nbsp;&nbsp;&nbsp;&nbsp;&nbsp; El intendente Ra\u00fal Reyes recibi\u00f3 en la ma\u00f1ana de este mi\u00e9rcoles al Capit\u00e1n de Nav\u00edo Maximiliano Vega, Comandante de la Brigada Anfibia de Infanter\u00eda de Marina. En la ocasi\u00f3n se hizo referencia a un Acto desarrollado en 1972 en la Base de Infanter\u00eda de Marina en Bater\u00edas, que consisti\u00f3 en la entrega del Pabell\u00f3n &hellip;<\/p>\n","protected":false},"author":4,"featured_media":0,"comment_status":"open","ping_status":"open","sticky":false,"template":"","format":"standard","meta":{"footnotes":""},"categories":[69],"tags":[],"class_list":["post-10401","post","type-post","status-publish","format-standard","","category-locales"],"_links":{"self":[{"href":"https:\/\/elportaldorrego.com\/index.php?rest_route=\/wp\/v2\/posts\/10401"}],"collection":[{"href":"https:\/\/elportaldorrego.com\/index.php?rest_route=\/wp\/v2\/posts"}],"about":[{"href":"https:\/\/elportaldorrego.com\/index.php?rest_route=\/wp\/v2\/types\/post"}],"author":[{"embeddable":true,"href":"https:\/\/elportaldorrego.com\/index.php?rest_route=\/wp\/v2\/users\/4"}],"replies":[{"embeddable":true,"href":"https:\/\/elportaldorrego.com\/index.php?rest_route=%2Fwp%2Fv2%2Fcomments&post=10401"}],"version-history":[{"count":2,"href":"https:\/\/elportaldorrego.com\/index.php?rest_route=\/wp\/v2\/posts\/10401\/revisions"}],"predecessor-version":[{"id":10406,"href":"https:\/\/elportaldorrego.com\/index.php?rest_route=\/wp\/v2\/posts\/10401\/revisions\/10406"}],"wp:attachment":[{"href":"https:\/\/elportaldorrego.com\/index.php?rest_route=%2Fwp%2Fv2%2Fmedia&parent=10401"}],"wp:term":[{"taxonomy":"category","embeddable":true,"href":"https:\/\/elportaldorrego.com\/index.php?rest_route=%2Fwp%2Fv2%2Fcategories&post=10401"},{"taxonomy":"post_tag","embeddable":true,"href":"https:\/\/elportaldorrego.com\/index.php?rest_route=%2Fwp%2Fv2%2Ftags&post=10401"}],"curies":[{"name":"wp","href":"https:\/\/api.w.org\/{rel}","templated":true}]}}