{"id":10411,"date":"2023-09-21T11:51:05","date_gmt":"2023-09-21T11:51:05","guid":{"rendered":"https:\/\/elportaldorrego.com\/?p=10411"},"modified":"2023-09-21T12:19:30","modified_gmt":"2023-09-21T12:19:30","slug":"desarrollo-social-area-de-personas-mayores-y-personas-con-discapacidad","status":"publish","type":"post","link":"https:\/\/elportaldorrego.com\/?p=10411","title":{"rendered":"Desarrollo Social : Area de Personas Mayores y Personas con Discapacidad"},"content":{"rendered":"\n<p><\/p>\n\n\n\n<p><strong>&nbsp;&nbsp;&nbsp;&nbsp;&nbsp;&nbsp;&nbsp;&nbsp;&nbsp;&nbsp;&nbsp; <\/strong><\/p>\n\n\n\n<p>Invita a la comunidad&nbsp; a la 2 Jornada de Discapacidad.<\/p>\n\n\n\n<p>El Viernes 22 de Septiembre, en la misma, estar\u00e1 presente el servicio de Catering\u00a0 a cargo de la profesora Laura Pescetto y los alumnos de la Escuela Especial 501. Ser\u00e1 a partir de las 9 en el Centro Cultural Municipal<\/p>\n\n\n\n<p>Las profesoras\u00a0 Guadalupe Segurado y Laura Berger con los participantes del Programa Expresarte\u00a0 del \u00c1rea de Personas Mayores y Personas con Discapacidad en articulaci\u00f3n con La Direcci\u00f3n de Cultura y Educaci\u00f3n ofrecer\u00e1n un n\u00famero de baile y m\u00fasica.<\/p>\n\n\n\n<p>Estar\u00e1 el equipo de profesionales de la Casa Taller , del \u00c1rea de Discapacidad de la Municipalidad\u00a0 de Tres Arroyos.<\/p>\n\n\n\n<p>Info : Prensa municipalidad de C.Dorrego <\/p>\n\n\n\n<p><\/p>\n","protected":false},"excerpt":{"rendered":"<p>&nbsp;&nbsp;&nbsp;&nbsp;&nbsp;&nbsp;&nbsp;&nbsp;&nbsp;&nbsp;&nbsp; Invita a la comunidad&nbsp; a la 2 Jornada de Discapacidad. El Viernes 22 de Septiembre, en la misma, estar\u00e1 presente el servicio de Catering\u00a0 a cargo de la profesora Laura Pescetto y los alumnos de la Escuela Especial 501. Ser\u00e1 a partir de las 9 en el Centro Cultural Municipal Las profesoras\u00a0 Guadalupe Segurado &hellip;<\/p>\n","protected":false},"author":4,"featured_media":0,"comment_status":"open","ping_status":"open","sticky":false,"template":"","format":"standard","meta":{"footnotes":""},"categories":[69],"tags":[],"class_list":["post-10411","post","type-post","status-publish","format-standard","","category-locales"],"_links":{"self":[{"href":"https:\/\/elportaldorrego.com\/index.php?rest_route=\/wp\/v2\/posts\/10411"}],"collection":[{"href":"https:\/\/elportaldorrego.com\/index.php?rest_route=\/wp\/v2\/posts"}],"about":[{"href":"https:\/\/elportaldorrego.com\/index.php?rest_route=\/wp\/v2\/types\/post"}],"author":[{"embeddable":true,"href":"https:\/\/elportaldorrego.com\/index.php?rest_route=\/wp\/v2\/users\/4"}],"replies":[{"embeddable":true,"href":"https:\/\/elportaldorrego.com\/index.php?rest_route=%2Fwp%2Fv2%2Fcomments&post=10411"}],"version-history":[{"count":2,"href":"https:\/\/elportaldorrego.com\/index.php?rest_route=\/wp\/v2\/posts\/10411\/revisions"}],"predecessor-version":[{"id":10414,"href":"https:\/\/elportaldorrego.com\/index.php?rest_route=\/wp\/v2\/posts\/10411\/revisions\/10414"}],"wp:attachment":[{"href":"https:\/\/elportaldorrego.com\/index.php?rest_route=%2Fwp%2Fv2%2Fmedia&parent=10411"}],"wp:term":[{"taxonomy":"category","embeddable":true,"href":"https:\/\/elportaldorrego.com\/index.php?rest_route=%2Fwp%2Fv2%2Fcategories&post=10411"},{"taxonomy":"post_tag","embeddable":true,"href":"https:\/\/elportaldorrego.com\/index.php?rest_route=%2Fwp%2Fv2%2Ftags&post=10411"}],"curies":[{"name":"wp","href":"https:\/\/api.w.org\/{rel}","templated":true}]}}