{"id":10483,"date":"2023-09-26T15:07:51","date_gmt":"2023-09-26T15:07:51","guid":{"rendered":"https:\/\/elportaldorrego.com\/?p=10483"},"modified":"2023-09-26T15:09:38","modified_gmt":"2023-09-26T15:09:38","slug":"ciclismo-siguen-los-buenos-resultados-para-matias-cabral-2","status":"publish","type":"post","link":"https:\/\/elportaldorrego.com\/?p=10483","title":{"rendered":"Ciclismo  : siguen los buenos resultados para Mat\u00edas Cabral"},"content":{"rendered":"\n<p>El domingo 18 del corriente en C.Pringles  , el joven Dorreguense Mat\u00edas Cabral , dijo presente en la 2\u00b0 edici\u00f3n del Rural Bike \u00abParaje la Paloma\u00bb 60 km y varias monta\u00f1as , en d\u00f3nde logr\u00f3 el 4\u00b0 puesto de la categor\u00eda \u00e9lite y el 24\u00b0 de la general<\/p>\n\n\n\n<figure class=\"wp-block-image size-large is-resized\"><img loading=\"lazy\" decoding=\"async\" src=\"http:\/\/elportaldorrego.com\/wp-content\/uploads\/2023\/09\/IMG-20230926-WA0005-1024x768.jpg\" alt=\"\" class=\"wp-image-10484\" width=\"362\" height=\"272\" \/><\/figure>\n\n\n\n<p>Este Domingo pr\u00f3ximo pasado , Matias Cabral corri\u00f3 en el aut\u00f3dromo Ezequiel Crisol d\u00f3nde se disput\u00f3 la competencia\u00bbGIRO\u00bb GRAN VUELTA BAHIA BLANCA 2023 ( primera edici\u00f3n) con  gran concurrencia de ciclistas en la cual Matias qued\u00f3 primero en la categor\u00eda y cuarto en la general<\/p>\n\n\n\n<p>Info y fotos  : gentileza familia Cabral <\/p>\n\n\n\n<figure class=\"wp-block-image size-large\"><img decoding=\"async\" src=\"http:\/\/elportaldorrego.com\/wp-content\/uploads\/2023\/09\/IMG-20230926-WA0003-768x1024.jpg\" alt=\"\" class=\"wp-image-10485\" \/><\/figure>\n\n\n\n<figure class=\"wp-block-image size-large\"><img decoding=\"async\" src=\"https:\/\/elportaldorrego.com\/wp-content\/uploads\/2023\/09\/1000045358-659x1024.jpg\" alt=\"\" class=\"wp-image-10488\" \/><\/figure>\n","protected":false},"excerpt":{"rendered":"<p>El domingo 18 del corriente en C.Pringles , el joven Dorreguense Mat\u00edas Cabral , dijo presente en la 2\u00b0 edici\u00f3n del Rural Bike \u00abParaje la Paloma\u00bb 60 km y varias monta\u00f1as , en d\u00f3nde logr\u00f3 el 4\u00b0 puesto de la categor\u00eda \u00e9lite y el 24\u00b0 de la general Este Domingo pr\u00f3ximo pasado , Matias Cabral &hellip;<\/p>\n","protected":false},"author":4,"featured_media":0,"comment_status":"open","ping_status":"open","sticky":false,"template":"","format":"standard","meta":{"footnotes":""},"categories":[73],"tags":[],"class_list":["post-10483","post","type-post","status-publish","format-standard","","category-deportes"],"_links":{"self":[{"href":"https:\/\/elportaldorrego.com\/index.php?rest_route=\/wp\/v2\/posts\/10483"}],"collection":[{"href":"https:\/\/elportaldorrego.com\/index.php?rest_route=\/wp\/v2\/posts"}],"about":[{"href":"https:\/\/elportaldorrego.com\/index.php?rest_route=\/wp\/v2\/types\/post"}],"author":[{"embeddable":true,"href":"https:\/\/elportaldorrego.com\/index.php?rest_route=\/wp\/v2\/users\/4"}],"replies":[{"embeddable":true,"href":"https:\/\/elportaldorrego.com\/index.php?rest_route=%2Fwp%2Fv2%2Fcomments&post=10483"}],"version-history":[{"count":2,"href":"https:\/\/elportaldorrego.com\/index.php?rest_route=\/wp\/v2\/posts\/10483\/revisions"}],"predecessor-version":[{"id":10489,"href":"https:\/\/elportaldorrego.com\/index.php?rest_route=\/wp\/v2\/posts\/10483\/revisions\/10489"}],"wp:attachment":[{"href":"https:\/\/elportaldorrego.com\/index.php?rest_route=%2Fwp%2Fv2%2Fmedia&parent=10483"}],"wp:term":[{"taxonomy":"category","embeddable":true,"href":"https:\/\/elportaldorrego.com\/index.php?rest_route=%2Fwp%2Fv2%2Fcategories&post=10483"},{"taxonomy":"post_tag","embeddable":true,"href":"https:\/\/elportaldorrego.com\/index.php?rest_route=%2Fwp%2Fv2%2Ftags&post=10483"}],"curies":[{"name":"wp","href":"https:\/\/api.w.org\/{rel}","templated":true}]}}