{"id":10490,"date":"2023-09-26T16:11:46","date_gmt":"2023-09-26T16:11:46","guid":{"rendered":"https:\/\/elportaldorrego.com\/?p=10490"},"modified":"2023-09-26T16:11:47","modified_gmt":"2023-09-26T16:11:47","slug":"raul-reyes-hablo-en-la-inauguracion-del-salon-de-eventos-de-empleados-de-comercio","status":"publish","type":"post","link":"https:\/\/elportaldorrego.com\/?p=10490","title":{"rendered":"Ra\u00fal Reyes habl\u00f3 en la inauguraci\u00f3n del Sal\u00f3n de Eventos de Empleados de Comercio"},"content":{"rendered":"\n<p><\/p>\n\n\n\n<p>\u00a0\u00a0\u00a0\u00a0\u00a0\u00a0\u00a0\u00a0\u00a0\u00a0\u00a0 Este  lunes el intendente Ra\u00fal Reyes habl\u00f3 en el Acto de inauguraci\u00f3n del Sal\u00f3n de Eventos de la Sociedad Empleados de Comercio. Las modernas y c\u00f3modas instalaciones est\u00e1 ubicadas en el predio que posee la instituci\u00f3n frente al Barrio Mercantil II.<\/p>\n\n\n\n<p>&nbsp;&nbsp;&nbsp;&nbsp;&nbsp;&nbsp;&nbsp;&nbsp;&nbsp;&nbsp;&nbsp; En el transcurso de su alocuci\u00f3n y ante una importante presencia de p\u00fablico el jefe comunal mencion\u00f3: \u00abEn estos momentos, siempre, uno rescata el esfuerzo, el compromiso, y qu\u00e9 decir del esfuerzo que vos (Norma F\u00e9lix, Secretaria General del gremio mercantil) has puesto para poder lograr este sue\u00f1o, que como dec\u00eda un amigo, hay que so\u00f1ar pero con los pies sobre la tierra. Eso es lo que ha hecho que hoy podamos estar inaugurando este sal\u00f3n en un momento tan importante. Reci\u00e9n pensaba, qu\u00e9 importante es tener gente que administre como la gente, que cuide los recursos; qu\u00e9 importante es que esta dirigencia de la Sociedad Empleados de Comercio ha cuidado los recursos como si fueran de ustedes, que para eso estamos los dirigentes, y se nota, se ve; esto est\u00e1 espl\u00e9ndido, es un orgullo para Dorrego; saber que se pueden hacer cosas tan importantes que se ha hecho con gente de ac\u00e1. Por eso, Norma, cuando me llevaste la tarjeta personalmente, inmediatamente te dije que iba a estar presente, porque uno no puede ni dudarlo; necesitamos de estos buenos ejemplos, la Argentina necesita de estos buenos ejemplos, de saber que se puede, que lleva tiempo, que nada es de un momento para otro, pero que adem\u00e1s se pueden hacer las cosas bien. Esto es lindo, esto es nuevo, esto nos da la posibilidad a todos los dorreguenses de venir a pasar un buen momento; esto va a seguir generando trabajo genuino.\u00bb&nbsp; Dejo mi saludo a todos las personas que hicieron posible esta realizaci\u00f3n\u00bb.<\/p>\n\n\n\n<p>&nbsp;&nbsp;&nbsp;&nbsp;&nbsp;&nbsp;&nbsp;&nbsp;&nbsp;&nbsp;&nbsp; Luego habl\u00f3 la Secretaria General del gremio mercantil dorreguense, Norma F\u00e9lix, quien con emoci\u00f3n se refiri\u00f3 al trascendente momento.<\/p>\n\n\n\n<p>\u00a0\u00a0\u00a0\u00a0\u00a0\u00a0\u00a0\u00a0\u00a0\u00a0\u00a0 Ra\u00fal Reyes junto a Norma F\u00e9lix cortaron la cinta para dejar inaugurada las instalaciones que cuentan con todas las comodidades para realizar eventos.<\/p>\n\n\n\n<p>Info y fotos  : Prensa Municipalidad de C.Dorrego <\/p>\n\n\n\n<figure class=\"wp-block-image size-large\"><img decoding=\"async\" src=\"http:\/\/elportaldorrego.com\/wp-content\/uploads\/2023\/09\/IMG_2056-1024x575.jpg\" alt=\"\" class=\"wp-image-10491\" \/><\/figure>\n\n\n\n<figure class=\"wp-block-image size-large\"><img decoding=\"async\" src=\"http:\/\/elportaldorrego.com\/wp-content\/uploads\/2023\/09\/IMG_2061-1024x683.jpg\" alt=\"\" class=\"wp-image-10492\" \/><\/figure>\n\n\n\n<figure class=\"wp-block-image size-full\"><img decoding=\"async\" src=\"http:\/\/elportaldorrego.com\/wp-content\/uploads\/2023\/09\/IMG_2064.jpg\" alt=\"\" class=\"wp-image-10493\" \/><\/figure>\n","protected":false},"excerpt":{"rendered":"<p>\u00a0\u00a0\u00a0\u00a0\u00a0\u00a0\u00a0\u00a0\u00a0\u00a0\u00a0 Este lunes el intendente Ra\u00fal Reyes habl\u00f3 en el Acto de inauguraci\u00f3n del Sal\u00f3n de Eventos de la Sociedad Empleados de Comercio. Las modernas y c\u00f3modas instalaciones est\u00e1 ubicadas en el predio que posee la instituci\u00f3n frente al Barrio Mercantil II. &nbsp;&nbsp;&nbsp;&nbsp;&nbsp;&nbsp;&nbsp;&nbsp;&nbsp;&nbsp;&nbsp; En el transcurso de su alocuci\u00f3n y ante una importante presencia de &hellip;<\/p>\n","protected":false},"author":4,"featured_media":0,"comment_status":"open","ping_status":"open","sticky":false,"template":"","format":"standard","meta":{"footnotes":""},"categories":[69],"tags":[],"class_list":["post-10490","post","type-post","status-publish","format-standard","","category-locales"],"_links":{"self":[{"href":"https:\/\/elportaldorrego.com\/index.php?rest_route=\/wp\/v2\/posts\/10490"}],"collection":[{"href":"https:\/\/elportaldorrego.com\/index.php?rest_route=\/wp\/v2\/posts"}],"about":[{"href":"https:\/\/elportaldorrego.com\/index.php?rest_route=\/wp\/v2\/types\/post"}],"author":[{"embeddable":true,"href":"https:\/\/elportaldorrego.com\/index.php?rest_route=\/wp\/v2\/users\/4"}],"replies":[{"embeddable":true,"href":"https:\/\/elportaldorrego.com\/index.php?rest_route=%2Fwp%2Fv2%2Fcomments&post=10490"}],"version-history":[{"count":1,"href":"https:\/\/elportaldorrego.com\/index.php?rest_route=\/wp\/v2\/posts\/10490\/revisions"}],"predecessor-version":[{"id":10494,"href":"https:\/\/elportaldorrego.com\/index.php?rest_route=\/wp\/v2\/posts\/10490\/revisions\/10494"}],"wp:attachment":[{"href":"https:\/\/elportaldorrego.com\/index.php?rest_route=%2Fwp%2Fv2%2Fmedia&parent=10490"}],"wp:term":[{"taxonomy":"category","embeddable":true,"href":"https:\/\/elportaldorrego.com\/index.php?rest_route=%2Fwp%2Fv2%2Fcategories&post=10490"},{"taxonomy":"post_tag","embeddable":true,"href":"https:\/\/elportaldorrego.com\/index.php?rest_route=%2Fwp%2Fv2%2Ftags&post=10490"}],"curies":[{"name":"wp","href":"https:\/\/api.w.org\/{rel}","templated":true}]}}