{"id":10499,"date":"2023-09-26T23:48:01","date_gmt":"2023-09-26T23:48:01","guid":{"rendered":"https:\/\/elportaldorrego.com\/?p=10499"},"modified":"2023-09-26T23:48:02","modified_gmt":"2023-09-26T23:48:02","slug":"ninez-y-familia-jornada-primera-infancia","status":"publish","type":"post","link":"https:\/\/elportaldorrego.com\/?p=10499","title":{"rendered":"Ni\u00f1ez y Familia. Jornada Primera Infancia"},"content":{"rendered":"\n<p><\/p>\n\n\n\n<p><strong>&nbsp;&nbsp;&nbsp;&nbsp;&nbsp;&nbsp;&nbsp;&nbsp;&nbsp;&nbsp;&nbsp;&nbsp;<\/strong>La Jefatura de Ni\u00f1ez y Familia de la comuna anunci\u00f3 una Jornada de Primera Infancia. El encuentro estar\u00e1 destinado a supervisores, equipos de conducci\u00f3n, docentes, educadores, trabajadores de la salud, referentes de infancia y p\u00fablico en general.&nbsp;&nbsp;&nbsp;&nbsp;&nbsp;<\/p>\n\n\n\n<p>\u00a0\u00a0\u00a0\u00a0\u00a0\u00a0\u00a0\u00a0\u00a0\u00a0\u00a0 Ser\u00e1 el 29 de este mes desde las 8:30 en el Centro Cultural.<\/p>\n\n\n\n<p>Info e imagen  : Prensa municipalidad de C.Dorrego <\/p>\n\n\n\n<figure class=\"wp-block-image size-full\"><img decoding=\"async\" src=\"http:\/\/elportaldorrego.com\/wp-content\/uploads\/2023\/09\/image006.jpg\" alt=\"\" class=\"wp-image-10500\" \/><\/figure>\n","protected":false},"excerpt":{"rendered":"<p>&nbsp;&nbsp;&nbsp;&nbsp;&nbsp;&nbsp;&nbsp;&nbsp;&nbsp;&nbsp;&nbsp;&nbsp;La Jefatura de Ni\u00f1ez y Familia de la comuna anunci\u00f3 una Jornada de Primera Infancia. El encuentro estar\u00e1 destinado a supervisores, equipos de conducci\u00f3n, docentes, educadores, trabajadores de la salud, referentes de infancia y p\u00fablico en general.&nbsp;&nbsp;&nbsp;&nbsp;&nbsp; \u00a0\u00a0\u00a0\u00a0\u00a0\u00a0\u00a0\u00a0\u00a0\u00a0\u00a0 Ser\u00e1 el 29 de este mes desde las 8:30 en el Centro Cultural. Info e imagen : &hellip;<\/p>\n","protected":false},"author":4,"featured_media":0,"comment_status":"open","ping_status":"open","sticky":false,"template":"","format":"standard","meta":{"footnotes":""},"categories":[69],"tags":[],"class_list":["post-10499","post","type-post","status-publish","format-standard","","category-locales"],"_links":{"self":[{"href":"https:\/\/elportaldorrego.com\/index.php?rest_route=\/wp\/v2\/posts\/10499"}],"collection":[{"href":"https:\/\/elportaldorrego.com\/index.php?rest_route=\/wp\/v2\/posts"}],"about":[{"href":"https:\/\/elportaldorrego.com\/index.php?rest_route=\/wp\/v2\/types\/post"}],"author":[{"embeddable":true,"href":"https:\/\/elportaldorrego.com\/index.php?rest_route=\/wp\/v2\/users\/4"}],"replies":[{"embeddable":true,"href":"https:\/\/elportaldorrego.com\/index.php?rest_route=%2Fwp%2Fv2%2Fcomments&post=10499"}],"version-history":[{"count":1,"href":"https:\/\/elportaldorrego.com\/index.php?rest_route=\/wp\/v2\/posts\/10499\/revisions"}],"predecessor-version":[{"id":10501,"href":"https:\/\/elportaldorrego.com\/index.php?rest_route=\/wp\/v2\/posts\/10499\/revisions\/10501"}],"wp:attachment":[{"href":"https:\/\/elportaldorrego.com\/index.php?rest_route=%2Fwp%2Fv2%2Fmedia&parent=10499"}],"wp:term":[{"taxonomy":"category","embeddable":true,"href":"https:\/\/elportaldorrego.com\/index.php?rest_route=%2Fwp%2Fv2%2Fcategories&post=10499"},{"taxonomy":"post_tag","embeddable":true,"href":"https:\/\/elportaldorrego.com\/index.php?rest_route=%2Fwp%2Fv2%2Ftags&post=10499"}],"curies":[{"name":"wp","href":"https:\/\/api.w.org\/{rel}","templated":true}]}}