{"id":10505,"date":"2023-09-27T11:37:39","date_gmt":"2023-09-27T11:37:39","guid":{"rendered":"https:\/\/elportaldorrego.com\/?p=10505"},"modified":"2023-09-27T11:37:41","modified_gmt":"2023-09-27T11:37:41","slug":"raul-reyes-entrego-en-puerto-belgrano-una-bandera-en-nombre-del-distrito","status":"publish","type":"post","link":"https:\/\/elportaldorrego.com\/?p=10505","title":{"rendered":"Ra\u00fal Reyes entreg\u00f3 en Puerto Belgrano una Bandera en nombre del Distrito"},"content":{"rendered":"\n<p><\/p>\n\n\n\n<p>\u00a0\u00a0\u00a0\u00a0\u00a0\u00a0\u00a0\u00a0\u00a0\u00a0\u00a0\u00a0El intendente Ra\u00fal Reyes particip\u00f3 este  martes, junto al director de Inspecci\u00f3n y Seguridad, Eduardo del Valle, del acto de cambio de denominaci\u00f3n de Fuerza de Infanter\u00eda de Marina de la Flota de Mar, por Brigada Anfibia de Infanter\u00eda de Marina. La ceremonia tuvo lugar en Puerto Belgrano presidida por el Comandante de la Infanter\u00eda de Marina, Contraalmirante I.M. Fernando Daniel Terribile. Durante el transcurso del acto el intendente Reyes entreg\u00f3 al Capit\u00e1n de Nav\u00edo Maximiliarno Vega, Comandante de la Brigada Anfibia de Infanter\u00eda de Marina, el Pabell\u00f3n de Guerra, donado por la comuna del distrito de Coronel Dorrego, tal como aconteci\u00f3 en 1972 por parte del entonces intendente Jorge Brussa.\u00a0 Es de recordar que el Comandante Vega visit\u00f3 nuestra ciudad d\u00edas pasados y el jefe comunal comprometi\u00f3 su presencia en la ceremonia desarrollada en la v\u00edspera en la Base Naval de Puerto Belgrano.<\/p>\n\n\n\n<p>&nbsp;&nbsp;&nbsp;&nbsp;&nbsp;&nbsp;&nbsp;&nbsp;&nbsp;&nbsp;&nbsp; La Bandera entregada por Ra\u00fal Reyes, fue bendecida por el Capell\u00e1n y luego entregada al respectivo abanderado para ser incorporada a la formaci\u00f3n que le estaba dando un importante marco al citado acto.<\/p>\n\n\n\n<p>&nbsp;&nbsp;&nbsp;&nbsp;&nbsp;&nbsp;&nbsp;&nbsp;&nbsp;&nbsp;&nbsp; Luego del mismo, Ra\u00fal Reyes y Eduardo del Valle firmaron el Acta de Visitas y despu\u00e9s de compartir una recepci\u00f3n recorrieron las instalaciones de la Base Puerto Belgrano y la Base Bater\u00edas.<\/p>\n\n\n\n<p>\u00a0\u00a0\u00a0\u00a0\u00a0\u00a0\u00a0\u00a0\u00a0\u00a0\u00a0 Como se explic\u00f3 en anteriores ocasiones,\u00a0desde su creaci\u00f3n esta Brigada de Infanter\u00eda intervino en los m\u00e1s destacados acontecimientos de nuestro Pa\u00eds, desplegando unidades al sur en 1978 ante la escalada de tensiones con Chile y en la defensa de nuestra soberan\u00eda en la Guerra de Malvinas. En 1994 una reestructuraci\u00f3n dentro del seno de la Armada dispuso su paso a reserva; en tanto, este a\u00f1o se cre\u00f3 y habilit\u00f3 la Brigada Anfibia de Infanter\u00eda de Marina, siendo su Comandante el Capit\u00e1n de Nav\u00edo Maximiliano Vega.<\/p>\n\n\n\n<p>Info y fotos : Prensa Municipalidad de C.Dorrego <\/p>\n\n\n\n<figure class=\"wp-block-image size-large\"><img decoding=\"async\" src=\"http:\/\/elportaldorrego.com\/wp-content\/uploads\/2023\/09\/2-1-1-1024x775.jpg\" alt=\"\" class=\"wp-image-10508\" \/><\/figure>\n\n\n\n<figure class=\"wp-block-image size-large\"><img decoding=\"async\" src=\"http:\/\/elportaldorrego.com\/wp-content\/uploads\/2023\/09\/1-1-683x1024.jpg\" alt=\"\" class=\"wp-image-10507\" \/><\/figure>\n\n\n\n<figure class=\"wp-block-image size-large\"><img decoding=\"async\" src=\"http:\/\/elportaldorrego.com\/wp-content\/uploads\/2023\/09\/5-1024x575.jpg\" alt=\"\" class=\"wp-image-10506\" \/><\/figure>\n","protected":false},"excerpt":{"rendered":"<p>\u00a0\u00a0\u00a0\u00a0\u00a0\u00a0\u00a0\u00a0\u00a0\u00a0\u00a0\u00a0El intendente Ra\u00fal Reyes particip\u00f3 este martes, junto al director de Inspecci\u00f3n y Seguridad, Eduardo del Valle, del acto de cambio de denominaci\u00f3n de Fuerza de Infanter\u00eda de Marina de la Flota de Mar, por Brigada Anfibia de Infanter\u00eda de Marina. La ceremonia tuvo lugar en Puerto Belgrano presidida por el Comandante de la Infanter\u00eda &hellip;<\/p>\n","protected":false},"author":4,"featured_media":0,"comment_status":"open","ping_status":"open","sticky":false,"template":"","format":"standard","meta":{"footnotes":""},"categories":[69],"tags":[],"class_list":["post-10505","post","type-post","status-publish","format-standard","","category-locales"],"_links":{"self":[{"href":"https:\/\/elportaldorrego.com\/index.php?rest_route=\/wp\/v2\/posts\/10505"}],"collection":[{"href":"https:\/\/elportaldorrego.com\/index.php?rest_route=\/wp\/v2\/posts"}],"about":[{"href":"https:\/\/elportaldorrego.com\/index.php?rest_route=\/wp\/v2\/types\/post"}],"author":[{"embeddable":true,"href":"https:\/\/elportaldorrego.com\/index.php?rest_route=\/wp\/v2\/users\/4"}],"replies":[{"embeddable":true,"href":"https:\/\/elportaldorrego.com\/index.php?rest_route=%2Fwp%2Fv2%2Fcomments&post=10505"}],"version-history":[{"count":1,"href":"https:\/\/elportaldorrego.com\/index.php?rest_route=\/wp\/v2\/posts\/10505\/revisions"}],"predecessor-version":[{"id":10509,"href":"https:\/\/elportaldorrego.com\/index.php?rest_route=\/wp\/v2\/posts\/10505\/revisions\/10509"}],"wp:attachment":[{"href":"https:\/\/elportaldorrego.com\/index.php?rest_route=%2Fwp%2Fv2%2Fmedia&parent=10505"}],"wp:term":[{"taxonomy":"category","embeddable":true,"href":"https:\/\/elportaldorrego.com\/index.php?rest_route=%2Fwp%2Fv2%2Fcategories&post=10505"},{"taxonomy":"post_tag","embeddable":true,"href":"https:\/\/elportaldorrego.com\/index.php?rest_route=%2Fwp%2Fv2%2Ftags&post=10505"}],"curies":[{"name":"wp","href":"https:\/\/api.w.org\/{rel}","templated":true}]}}