{"id":11183,"date":"2023-11-03T02:55:44","date_gmt":"2023-11-03T02:55:44","guid":{"rendered":"https:\/\/elportaldorrego.com\/?p=11183"},"modified":"2023-11-04T00:54:26","modified_gmt":"2023-11-04T00:54:26","slug":"se-jugo-la-fecha-6-del-clausura-en-el-futbol-local","status":"publish","type":"post","link":"https:\/\/elportaldorrego.com\/?p=11183","title":{"rendered":"Se jug\u00f3 la fecha 6 del clausura en el f\u00fatbol local"},"content":{"rendered":"\n<p>F\u00fatbol<\/p>\n\n\n\n<p>Fecha 6 \u2013 Clausura<\/p>\n\n\n\n<p>15 \u00aa del Acumulado<\/p>\n\n\n\n<p>Torneo oficial Centenario Club A. Independiente<\/p>\n\n\n\n<p>El Rojo Se qued\u00f3 con el cl\u00e1sico <\/p>\n\n\n\n<figure class=\"wp-block-image size-large\"><img decoding=\"async\" src=\"http:\/\/elportaldorrego.com\/wp-content\/uploads\/2023\/11\/IMG-20231101-WA0008-1024x1024.jpg\" alt=\"\" class=\"wp-image-11184\" \/><\/figure>\n\n\n\n<figure class=\"wp-block-table\"><table><tbody><tr><td><strong>Escenario 14 de Septiembre del Club Independiente<br>PRIMERA DIVISI\u00d3N<br>Independiente ( 4 ) vs Ferroviario ( 1 )<\/strong><\/td><\/tr><tr><td><strong>Goles<\/strong> : Facundo Schmidt ( 3 ) 31&#8242;, 38&#8242; y 80&#8242; (I) &#8211; Sergio Lindner 77&#8242; (F) &#8211; Tomas Hollender 97&#8242; (I)<\/td><\/tr><tr><td><strong>\u00c1rbitro<\/strong>&nbsp;: Lucas De Dios<br><strong>Expulsado<\/strong>  : Federico Lopez (F)<\/td><\/tr><tr><td><strong>DIVISI\u00d3N RESERVA<\/strong><br><strong>Independiente ( 2 )<\/strong> : Juan Moulia &#8211; Agust\u00edn Echeverria ( P )<br><br><strong>Ferroviario ( 1 ) <\/strong>: Fernando Fuertes<br><strong>Expulsado<\/strong> : Agust\u00edn Echeverria (I)<\/td><\/tr><tr><td><strong>Formaciones Primera <\/strong><\/td><\/tr><tr><td><strong>INDEPENDIENTE<\/strong><br>1 &#8211; Leandro Estebanez<br>2 &#8211; Leandro Fagioli ( Manuel Crededio )<br>3 &#8211; Valentin Favre<br>4 &#8211; Lisandro D&#8217;addario<br>5 &#8211; Alejandro Rasmussen ( Ian Sarti )<br>6 &#8211; Maximiliano Gette<br>7 &#8211; Leandro Etzel<br>8 &#8211; Nicolas La Petra<br>9 &#8211; Ramiro Gerk<br>10 &#8211; Facundo Schmidt  ( Tomas Hollender )<br>11 &#8211; Diego Banegas ( Bruno Sanchez )<br>DT : Leandro Iribarren<\/td><\/tr><tr><td><strong>FERROVIARIO<\/strong>:<br>1 &#8211; Leonel Uranga<br>2 &#8211; Enzo P\u00e9rez<br>3 &#8211; Sergio Garc\u00eda (  Efrain Jalif )<br>4 &#8211; Bruno Barrionuevo ( Nicolas Maidana )<br>5 &#8211; Germ\u00e1n Daher<br>15 &#8211; Guido Lombardelli ( Julian  Masciale )<br>7 &#8211; Matias De Marco (  Valentin Urquizu )<br>8 &#8211; Agust\u00edn Rodriguez  ( Agust\u00edn Jimenez )<br>9 &#8211; Sergio Lindner<br>10 &#8211; Federico Lopez ( Expulsado )<br>11 &#8211; Benjam\u00edn Fern\u00e1ndez<br>DT: Daniel Faur<\/td><\/tr><\/tbody><\/table><\/figure>\n\n\n\n<figure class=\"wp-block-image size-large\"><img decoding=\"async\" src=\"http:\/\/elportaldorrego.com\/wp-content\/uploads\/2023\/11\/IMG_20231101_231412_896-1024x1024.jpg\" alt=\"\" class=\"wp-image-11185\" \/><\/figure>\n\n\n\n<figure class=\"wp-block-table\"><table><tbody><tr><td><strong>Escenario Ogue Natalio Madariaga del Club Villa Rosa<br>PRIMERA DIVISI\u00d3N<br>Uni\u00f3n Pehuen Co ( 0 ) vs Villa Rosa ( 3 )<\/strong><\/td><\/tr><tr><td><strong>Goles<\/strong> : 10&#8242; Juan P. Schefer (V.R) &#8211; 46&#8242; Alejo Ibarra  (V.R) &#8211; Facundo Garcia 58&#8242; (V.R)<br><br>El arquero de Villa Rosa Rodrigo Papasidero , le ataj\u00f3 un penal al jugador Diego Martinez de Uni\u00f3n Pehuen Co<\/td><\/tr><tr><td><strong>\u00c1rbitro&nbsp;:<\/strong> Gabriel Soria <\/td><\/tr><tr><td><strong>DIVISI\u00d3N RESERVA<\/strong><br><strong>Uni\u00f3n Pehuen Co ( 0 )<\/strong><br><br><strong>Villa Rosa ( 3 ) :<\/strong> Gast\u00f3n Moyano &#8211; Agust\u00edn Segui &#8211; Juan Romero<\/td><\/tr><tr><td><strong>Formaciones Primera <\/strong><\/td><\/tr><tr><td><strong>UNI\u00d3N PEHUEN CO <\/strong><br>1- Eduardo Evans<br>2-Andres Irure <br>3-Carlos Rodriguez <br>4-Oscar Guerrero ( Lucas Begbeder )<br>5- Lucas Leguizamon <br>6-Andres Lizarrondo <br>7- Nicolas Troche ( Luciano Guerrero )<br>8- Emiliano Derieux <br>9- Fernando Moreno <br>10- Diego Martinez <br>11- Gonzalo Ferreyra ( Rodrigo Bastias )<br>D.T.: M.Guerrero <\/td><\/tr><tr><td><strong>VILLA ROSA <\/strong><br>1- Rodrigo Papasidero<br>2- Juan Marcos Acu\u00f1a <br>3- Pablo Camargo<br>4- Alejo Ibarra <br>5- Juan Pablo Schefer ( Julian Hidalgo  )<br>6- Mart\u00edn Palacio <br>7- Luciano Papasidero ( Gaston Cansina  )<br>8- Nicolas Palacio  ( 18&#8242; Kevin Sepulveda )<br>9- Nicolas Rodriguez ( Joaquin Maiques )<br>10- Matias  Izzi <br>11-Facundo Garcia ( Cristian Carrera  )<br>D.T.: Emanuel Matelica <\/td><\/tr><\/tbody><\/table><\/figure>\n\n\n\n<figure class=\"wp-block-image size-large\"><img decoding=\"async\" src=\"http:\/\/elportaldorrego.com\/wp-content\/uploads\/2023\/11\/IMG_20231101_231745_077-1024x1024.jpg\" alt=\"\" class=\"wp-image-11186\" \/><\/figure>\n\n\n\n<figure class=\"wp-block-table\"><table><tbody><tr><td><strong>Escenario Juan Ripoll del Club San Mart\u00edn<br>PRIMERA DIVISI\u00d3N<br>San Mart\u00edn ( 1 )&nbsp;&nbsp;vs Progreso ( 0 )<\/strong><\/td><\/tr><tr><td><strong>Gol :<\/strong>&nbsp;Emanuel Torres ( P ) 82&#8242; (S.M)<\/td><\/tr><tr><td><strong>\u00c1rbitro : <\/strong>Carlos Bustamante <\/td><\/tr><tr><td><strong>DIVISI\u00d3N RESERVA<\/strong><br><strong>San Mart\u00edn ( 2 )&nbsp;:<\/strong> Benjam\u00edn Caballin &#8211; Esteban Ballejo<br><br><strong>Progreso ( 2 ) : <\/strong>Fabian Ferrarello &#8211; Esteban Ballejo (  en contra )<\/td><\/tr><tr><td><strong>Formaciones Primera <\/strong><\/td><\/tr><tr><td><strong>SAN MART\u00cdN <\/strong><br>1- Ezequiel Dello Russo <br>2- Juan  Nomdedeu <br>3- Emanuel Torres  ( Enrique Coria  )<br>4- Joel Gomez <br>5- Facundo Caceres  ( Maximilino Minor  )<br>6- Germ\u00e1n Barrionuevo <br>7- Benjam\u00edn Masciale <br>8- Sergio Ruarte ( Joel Castiglioni  )<br>9- Matias Prado ( Alan Vega )<br>10- Santiago Mendez <br>11- Lautaro Vega <br>D.T.: Armando Di Meglio y Alejandro Nomdedeu <\/td><\/tr><tr><td><strong>PROGRESO<\/strong> <br>1- Joaquin Miranda <br>2- Maximiliano Gonzalez  ( Tomas Maclen  )<br>3- R. Armario<br>4- I\u00f1aki Arbeloa <br>5- Nahuel Albizu  ( Leonel Gomez )<br>6- Samuel Banegas <br>7- Jes\u00fas Godoy <br>8- Uriel Farias <br>9- Federico Mellado <br>10- Bruno Gaitan <br>11- Luis Flores ( Facundo Arana  )<br>D.T.: Alejandro Papasidero <\/td><\/tr><\/tbody><\/table><\/figure>\n\n\n\n<figure class=\"wp-block-image size-large\"><img decoding=\"async\" src=\"http:\/\/elportaldorrego.com\/wp-content\/uploads\/2023\/11\/IMG-20231101-WA0011-1024x1024.jpg\" alt=\"\" class=\"wp-image-11187\" \/><\/figure>\n\n\n\n<figure class=\"wp-block-table\"><table><tbody><tr><td><strong>Polideportivo Municipal de Monte Hermoso<\/strong><br><strong>PRIMERA DIVISI\u00d3N<\/strong><br><strong>Porte\u00f1o ( <\/strong><strong>1 )&nbsp;&nbsp;vs A. Monte Hermoso ( 2 )<\/strong><\/td><\/tr><tr><td><strong>Goles<\/strong> :&nbsp;Gianfranco Navarro 19&#8242; (Por) ( P ) &#8211; Cristian Ramos ( 2 ) 42&#8242; y 72&#8242; (A.M.H)<\/td><\/tr><tr><td><strong>\u00c1rbitro&nbsp;:<\/strong> Julian Hourticolou <\/td><\/tr><tr><td><strong>DIVISI\u00d3N RESERVA<\/strong><br><strong>Porte\u00f1o ( 2 )&nbsp;:<\/strong> Oscar Corrales &#8211; Walter Castiglioni<br><br><strong>A. Monte Hermoso ( 4 )<\/strong> : Luciano Olivera &#8211; Juan Lizarrondo &#8211; Thiago Telgarecz &#8211; Tom\u00e1s Palmero<\/td><\/tr><tr><td><strong>Formaciones Primera <\/strong><\/td><\/tr><tr><td><strong>PORTE\u00d1O :<\/strong><br>1 &#8211; Matias Esmoli<br>2 &#8211; Fernando Olea<br>3 &#8211; Nahuel Esmoli<br>4 &#8211; Alan Lagos<br>5 &#8211; Damian Seguel<br>6 &#8211; Pablo Cajal<br>7 &#8211; Ariel Esp\u00ednola<br>8 &#8211; Diego Romano<br>9 &#8211; Facundo Donadio<br>10 &#8211; Gianfranco Navarro<br>11 &#8211; Fabricio Ibarra ( Enzo Ibarra )<br>D.T.: Daniel Ibarra <\/td><\/tr><tr><td><strong>A. MONTE HERMOSO :<\/strong><br>1 &#8211; Ignacio Irusta<br>2 &#8211; Buris Herrera<br>3 &#8211; Tomas Campeon<br>4 &#8211; Alexis Perez<br>5 &#8211; Damian Fern\u00e1ndez<br>6 &#8211; Mat\u00edas Lencinas<br>7 &#8211; Tomas Pino<br>8 &#8211; Juan Bufalini<br>9 &#8211; Ayrton Matelica  ( Aron Masciale )<br>10 &#8211; Cristian Ramos (  Ulises Sueldo )<br>11 &#8211; Giuliano Gonzalez ( Marcelo Leal)<br>D.T.: Edel Fern\u00e1ndez <\/td><\/tr><\/tbody><\/table><\/figure>\n\n\n\n<figure class=\"wp-block-image size-large\"><img decoding=\"async\" src=\"http:\/\/elportaldorrego.com\/wp-content\/uploads\/2023\/11\/IMG_20231103_214751_815-1024x1024.webp\" alt=\"\" class=\"wp-image-11222\" \/><\/figure>\n\n\n\n<figure class=\"wp-block-table\"><table><tbody><tr><td>Goleadores sub 23 \/ Reserva : Clausura<\/td><\/tr><tr><td>Elvis Irribarra ( Sut. ) 5<br>Oscar Corrales ( Port. ) 5<br>Bautista Neudert ( Port. ) 4<br>Agustin Biragnet ( I ) 4<br>Juan Moulia ( I ) 4<br>Franco Carabajal ( F ) 4<\/td><\/tr><\/tbody><\/table><\/figure>\n\n\n\n<figure class=\"wp-block-image size-large\"><img decoding=\"async\" src=\"http:\/\/elportaldorrego.com\/wp-content\/uploads\/2023\/11\/IMG-20231103-WA0006-1024x1024.jpg\" alt=\"\" class=\"wp-image-11211\" \/><\/figure>\n\n\n\n<figure class=\"wp-block-table\"><table><tbody><tr><td>Goleadores sub 23 \/ Reserva : Acumulados<\/td><\/tr><tr><td>Bautista Neudert ( Port. ) 11<br>Elvis Irribarra ( Sut. ) 9<br>Tomas Garcia Hollender ( I ) 8<br>Juan Moulia ( I ) 8<br>Thiago Telgarecz ( A.M.H. ) 8<br>Tomas Hollender ( I ) 7<br>Tomas Maclen ( Prog. ) 7<\/td><\/tr><\/tbody><\/table><\/figure>\n\n\n\n<figure class=\"wp-block-image size-large is-resized\"><img loading=\"lazy\" decoding=\"async\" src=\"http:\/\/elportaldorrego.com\/wp-content\/uploads\/2023\/11\/IMG_20231103_214334_074-1024x1024.webp\" alt=\"\" class=\"wp-image-11224\" width=\"369\" height=\"369\" \/><\/figure>\n\n\n\n<figure class=\"wp-block-image size-large is-resized\"><img loading=\"lazy\" decoding=\"async\" src=\"http:\/\/elportaldorrego.com\/wp-content\/uploads\/2023\/11\/IMG-20231103-WA0011-1024x1024.jpg\" alt=\"\" class=\"wp-image-11218\" width=\"375\" height=\"375\" \/><\/figure>\n\n\n\n<figure class=\"wp-block-image size-large\"><img decoding=\"async\" src=\"http:\/\/elportaldorrego.com\/wp-content\/uploads\/2023\/11\/IMG-20231102-WA0022-1024x1024.jpg\" alt=\"\" class=\"wp-image-11191\" \/><\/figure>\n\n\n\n<figure class=\"wp-block-image size-large\"><img decoding=\"async\" src=\"http:\/\/elportaldorrego.com\/wp-content\/uploads\/2023\/11\/IMG-20231103-WA0010-1024x1024.jpg\" alt=\"\" class=\"wp-image-11216\" \/><\/figure>\n","protected":false},"excerpt":{"rendered":"<p>F\u00fatbol Fecha 6 \u2013 Clausura 15 \u00aa del Acumulado Torneo oficial Centenario Club A. Independiente El Rojo Se qued\u00f3 con el cl\u00e1sico Escenario 14 de Septiembre del Club IndependientePRIMERA DIVISI\u00d3NIndependiente ( 4 ) vs Ferroviario ( 1 )Goles : Facundo Schmidt ( 3 ) 31&#8242;, 38&#8242; y 80&#8242; (I) &#8211; Sergio Lindner 77&#8242; (F) &#8211; &hellip;<\/p>\n","protected":false},"author":4,"featured_media":0,"comment_status":"open","ping_status":"open","sticky":false,"template":"","format":"standard","meta":{"footnotes":""},"categories":[73],"tags":[],"class_list":["post-11183","post","type-post","status-publish","format-standard","","category-deportes"],"_links":{"self":[{"href":"https:\/\/elportaldorrego.com\/index.php?rest_route=\/wp\/v2\/posts\/11183"}],"collection":[{"href":"https:\/\/elportaldorrego.com\/index.php?rest_route=\/wp\/v2\/posts"}],"about":[{"href":"https:\/\/elportaldorrego.com\/index.php?rest_route=\/wp\/v2\/types\/post"}],"author":[{"embeddable":true,"href":"https:\/\/elportaldorrego.com\/index.php?rest_route=\/wp\/v2\/users\/4"}],"replies":[{"embeddable":true,"href":"https:\/\/elportaldorrego.com\/index.php?rest_route=%2Fwp%2Fv2%2Fcomments&post=11183"}],"version-history":[{"count":6,"href":"https:\/\/elportaldorrego.com\/index.php?rest_route=\/wp\/v2\/posts\/11183\/revisions"}],"predecessor-version":[{"id":11225,"href":"https:\/\/elportaldorrego.com\/index.php?rest_route=\/wp\/v2\/posts\/11183\/revisions\/11225"}],"wp:attachment":[{"href":"https:\/\/elportaldorrego.com\/index.php?rest_route=%2Fwp%2Fv2%2Fmedia&parent=11183"}],"wp:term":[{"taxonomy":"category","embeddable":true,"href":"https:\/\/elportaldorrego.com\/index.php?rest_route=%2Fwp%2Fv2%2Fcategories&post=11183"},{"taxonomy":"post_tag","embeddable":true,"href":"https:\/\/elportaldorrego.com\/index.php?rest_route=%2Fwp%2Fv2%2Ftags&post=11183"}],"curies":[{"name":"wp","href":"https:\/\/api.w.org\/{rel}","templated":true}]}}