{"id":11754,"date":"2023-12-06T13:48:30","date_gmt":"2023-12-06T13:48:30","guid":{"rendered":"https:\/\/elportaldorrego.com\/?p=11754"},"modified":"2023-12-06T13:48:32","modified_gmt":"2023-12-06T13:48:32","slug":"salud-visita-de-profesionales-en-faro-y-gil","status":"publish","type":"post","link":"https:\/\/elportaldorrego.com\/?p=11754","title":{"rendered":"Salud. Visita de profesionales en Faro y Gil"},"content":{"rendered":"\n<p><\/p>\n\n\n\n<p>&nbsp;&nbsp;&nbsp;&nbsp;&nbsp;&nbsp;&nbsp;&nbsp;&nbsp;&nbsp;&nbsp; D\u00e1ndole continuidad a la tarea que vienen desarrollando desde hace varios meses, los profesionales de la Direcci\u00f3n de Salud, Ariel Rodr\u00edguez y Juli\u00e1n del Valle, odont\u00f3logo y m\u00e9dico, respectivamente, visitaron la EP N\u00ba13 y el JIRIMM N\u00ba 4 de Faro y la EP N\u00ba3 y el JIRIMM N\u00ba 3 de Gil. All\u00ed realizaron talleres de salud bucal y control m\u00e9dico (peso, altura y agudeza visual).<\/p>\n\n\n\n<p>\u00a0\u00a0\u00a0\u00a0\u00a0\u00a0\u00a0\u00a0\u00a0\u00a0\u00a0 Explicaron que en los dos establecimientos educativos rurales a la par de realizar la tarea prevista, compartieron un agradable momento con ambas comunidades educativas.<\/p>\n\n\n\n<p>Info y foto : Prensa municipalidad de C.Dorrego <\/p>\n","protected":false},"excerpt":{"rendered":"<p>&nbsp;&nbsp;&nbsp;&nbsp;&nbsp;&nbsp;&nbsp;&nbsp;&nbsp;&nbsp;&nbsp; D\u00e1ndole continuidad a la tarea que vienen desarrollando desde hace varios meses, los profesionales de la Direcci\u00f3n de Salud, Ariel Rodr\u00edguez y Juli\u00e1n del Valle, odont\u00f3logo y m\u00e9dico, respectivamente, visitaron la EP N\u00ba13 y el JIRIMM N\u00ba 4 de Faro y la EP N\u00ba3 y el JIRIMM N\u00ba 3 de Gil. All\u00ed realizaron talleres &hellip;<\/p>\n","protected":false},"author":4,"featured_media":0,"comment_status":"open","ping_status":"open","sticky":false,"template":"","format":"standard","meta":{"footnotes":""},"categories":[69],"tags":[],"class_list":["post-11754","post","type-post","status-publish","format-standard","","category-locales"],"_links":{"self":[{"href":"https:\/\/elportaldorrego.com\/index.php?rest_route=\/wp\/v2\/posts\/11754"}],"collection":[{"href":"https:\/\/elportaldorrego.com\/index.php?rest_route=\/wp\/v2\/posts"}],"about":[{"href":"https:\/\/elportaldorrego.com\/index.php?rest_route=\/wp\/v2\/types\/post"}],"author":[{"embeddable":true,"href":"https:\/\/elportaldorrego.com\/index.php?rest_route=\/wp\/v2\/users\/4"}],"replies":[{"embeddable":true,"href":"https:\/\/elportaldorrego.com\/index.php?rest_route=%2Fwp%2Fv2%2Fcomments&post=11754"}],"version-history":[{"count":1,"href":"https:\/\/elportaldorrego.com\/index.php?rest_route=\/wp\/v2\/posts\/11754\/revisions"}],"predecessor-version":[{"id":11756,"href":"https:\/\/elportaldorrego.com\/index.php?rest_route=\/wp\/v2\/posts\/11754\/revisions\/11756"}],"wp:attachment":[{"href":"https:\/\/elportaldorrego.com\/index.php?rest_route=%2Fwp%2Fv2%2Fmedia&parent=11754"}],"wp:term":[{"taxonomy":"category","embeddable":true,"href":"https:\/\/elportaldorrego.com\/index.php?rest_route=%2Fwp%2Fv2%2Fcategories&post=11754"},{"taxonomy":"post_tag","embeddable":true,"href":"https:\/\/elportaldorrego.com\/index.php?rest_route=%2Fwp%2Fv2%2Ftags&post=11754"}],"curies":[{"name":"wp","href":"https:\/\/api.w.org\/{rel}","templated":true}]}}