{"id":11774,"date":"2023-12-07T14:45:19","date_gmt":"2023-12-07T14:45:19","guid":{"rendered":"https:\/\/elportaldorrego.com\/?p=11774"},"modified":"2023-12-07T14:45:22","modified_gmt":"2023-12-07T14:45:22","slug":"raul-reyes-asistio-a-la-asuncion-de-los-nuevos-consejeros-escolares","status":"publish","type":"post","link":"https:\/\/elportaldorrego.com\/?p=11774","title":{"rendered":"Ra\u00fal Reyes asisti\u00f3 a la asunci\u00f3n de los nuevos Consejeros Escolares"},"content":{"rendered":"\n<p><\/p>\n\n\n\n<p>\u00a0\u00a0\u00a0\u00a0\u00a0\u00a0\u00a0\u00a0\u00a0\u00a0\u00a0 El intendente Ra\u00fal Reyes concurri\u00f3 en la ma\u00f1ana de este jueves al Centro Cultural para acompa\u00f1ar la asunci\u00f3n de los Consejeros Escolares de Coronel Dorrego que fueron elegidos en las \u00faltimas elecciones generales. En la ocasi\u00f3n se tom\u00f3 juramento a los nuevos consejeros quienes tambi\u00e9n hicieron uso de la palabra al igual que los consejeros salientes.<\/p>\n\n\n\n<p>Info y foto : Prensa municipalidad de C.Dorrego <\/p>\n\n\n\n<figure class=\"wp-block-image size-large\"><img decoding=\"async\" src=\"http:\/\/elportaldorrego.com\/wp-content\/uploads\/2023\/12\/IMG_2205-1024x575.jpg\" alt=\"\" class=\"wp-image-11775\" \/><\/figure>\n","protected":false},"excerpt":{"rendered":"<p>\u00a0\u00a0\u00a0\u00a0\u00a0\u00a0\u00a0\u00a0\u00a0\u00a0\u00a0 El intendente Ra\u00fal Reyes concurri\u00f3 en la ma\u00f1ana de este jueves al Centro Cultural para acompa\u00f1ar la asunci\u00f3n de los Consejeros Escolares de Coronel Dorrego que fueron elegidos en las \u00faltimas elecciones generales. En la ocasi\u00f3n se tom\u00f3 juramento a los nuevos consejeros quienes tambi\u00e9n hicieron uso de la palabra al igual que los &hellip;<\/p>\n","protected":false},"author":4,"featured_media":0,"comment_status":"open","ping_status":"open","sticky":false,"template":"","format":"standard","meta":{"footnotes":""},"categories":[69],"tags":[],"class_list":["post-11774","post","type-post","status-publish","format-standard","","category-locales"],"_links":{"self":[{"href":"https:\/\/elportaldorrego.com\/index.php?rest_route=\/wp\/v2\/posts\/11774"}],"collection":[{"href":"https:\/\/elportaldorrego.com\/index.php?rest_route=\/wp\/v2\/posts"}],"about":[{"href":"https:\/\/elportaldorrego.com\/index.php?rest_route=\/wp\/v2\/types\/post"}],"author":[{"embeddable":true,"href":"https:\/\/elportaldorrego.com\/index.php?rest_route=\/wp\/v2\/users\/4"}],"replies":[{"embeddable":true,"href":"https:\/\/elportaldorrego.com\/index.php?rest_route=%2Fwp%2Fv2%2Fcomments&post=11774"}],"version-history":[{"count":1,"href":"https:\/\/elportaldorrego.com\/index.php?rest_route=\/wp\/v2\/posts\/11774\/revisions"}],"predecessor-version":[{"id":11776,"href":"https:\/\/elportaldorrego.com\/index.php?rest_route=\/wp\/v2\/posts\/11774\/revisions\/11776"}],"wp:attachment":[{"href":"https:\/\/elportaldorrego.com\/index.php?rest_route=%2Fwp%2Fv2%2Fmedia&parent=11774"}],"wp:term":[{"taxonomy":"category","embeddable":true,"href":"https:\/\/elportaldorrego.com\/index.php?rest_route=%2Fwp%2Fv2%2Fcategories&post=11774"},{"taxonomy":"post_tag","embeddable":true,"href":"https:\/\/elportaldorrego.com\/index.php?rest_route=%2Fwp%2Fv2%2Ftags&post=11774"}],"curies":[{"name":"wp","href":"https:\/\/api.w.org\/{rel}","templated":true}]}}