{"id":11810,"date":"2023-12-11T18:46:28","date_gmt":"2023-12-11T18:46:28","guid":{"rendered":"https:\/\/elportaldorrego.com\/?p=11810"},"modified":"2023-12-11T18:46:30","modified_gmt":"2023-12-11T18:46:30","slug":"74-aniversario-de-marisol-hablo-el-intendente-juan-carlos-chalde","status":"publish","type":"post","link":"https:\/\/elportaldorrego.com\/?p=11810","title":{"rendered":"74 Aniversario de Marisol : habl\u00f3 el intendente Juan Carlos Chalde"},"content":{"rendered":"\n<p>El intendente Juan Carlos Chalde habl\u00f3 en el Acto por el 74 Aniversario de Marisol que sirvi\u00f3 adem\u00e1s para dejar oficialmente inaugurada la temporada estival. Ante la presencia de autoridades, representantes de instituciones y vecinos, luego del izamiento de Banderas y la entonaci\u00f3n del Himno Nacional el contador Chalde se refiri\u00f3 en los primeros p\u00e1rrafos de su alocuci\u00f3n a los pioneros de la villa balnearia, a los visionarios que propiciaron los inicios de Marisol.<\/p>\n\n\n\n<p>&nbsp;&nbsp;&nbsp;&nbsp;&nbsp;&nbsp;&nbsp;&nbsp;&nbsp;&nbsp;&nbsp; \u00abNosotros, en esta gesti\u00f3n que iniciamos hoy, tenemos la intenci\u00f3n, de que el turismo sea una de las actividades preponderantes en el distrito y el punto de partida es este balneario Marisol, con sus hermosas playas, con la posibilidad de este contacto con la naturaleza, con las lindas costas del R\u00edo Quequ\u00e9n Salado; tambi\u00e9n queremos hacerlo con una armon\u00eda con el ambiente, con la biodiversidad. Entonces yo les puedo decir que vamos a trabajar para acompa\u00f1ar el crecimiento que tiene esta villa de Marisol, que es muy importante, que se viene desarrollando con este gran impulso del sector privado; y tenemos toda la decisi\u00f3n de que ese acompa\u00f1amiento sea para que ese crecimiento sea ordenado, para que las construcciones respeten las ordenanzas vigentes, para que esas construcciones alteren lo m\u00ednimo posible el ambiente natural. No es una decisi\u00f3n solamente nuestra, ya hemos venido conversando con fuerzas vivas de Marisol. Vamos en ese sentido y tambi\u00e9n en el sentido de seguir gobernando en conjunto, en di\u00e1logo. Si bien sabemos que tenemos un a\u00f1o en que las obras p\u00fablicas seguramente van a ser dif\u00edciles de conseguir, ha sido muy claro el presidente Milei en su mensaje, seguramente algunas obras se van a demorar un poco, pero nosotros tenemos la vocaci\u00f3n de acompa\u00f1ar todas esas obras que hacen al crecimiento, y la educaci\u00f3n est\u00e1 en el centro de todas nuestras pol\u00edticas\u00bb.<\/p>\n\n\n\n<p>&nbsp;&nbsp;&nbsp;&nbsp;&nbsp;&nbsp;&nbsp;&nbsp;&nbsp;&nbsp;&nbsp; \u00abEstoy muy feliz de estar aqu\u00ed inaugurando esta temporada, y esperando que sea muy linda y que esta villa siga creciendo y siga siendo el atractivo de muchos turistas de todo el pa\u00eds que est\u00e1n viniendo\u00bb. Finaliz\u00f3 diciendo el intendente Chalde.<\/p>\n\n\n\n<p>\u00a0\u00a0\u00a0\u00a0\u00a0\u00a0\u00a0\u00a0\u00a0\u00a0\u00a0 Luego de ello fueron bendecidas las aguas del balneario por el cura Antonio Castrillo y finalmente se entregaron presentes al \u00abPrimer turista de la temporada\u00bb. \u00a0<\/p>\n\n\n\n<p>Info y fotos : Prensa Municipalidad de C.Dorrego <\/p>\n\n\n\n<figure class=\"wp-block-image size-large\"><img decoding=\"async\" src=\"http:\/\/elportaldorrego.com\/wp-content\/uploads\/2023\/12\/IMG_2222-1024x915.jpg\" alt=\"\" class=\"wp-image-11811\" \/><\/figure>\n\n\n\n<figure class=\"wp-block-image size-large\"><img decoding=\"async\" src=\"http:\/\/elportaldorrego.com\/wp-content\/uploads\/2023\/12\/IMG_2226-1024x575.jpg\" alt=\"\" class=\"wp-image-11812\" \/><\/figure>\n","protected":false},"excerpt":{"rendered":"<p>El intendente Juan Carlos Chalde habl\u00f3 en el Acto por el 74 Aniversario de Marisol que sirvi\u00f3 adem\u00e1s para dejar oficialmente inaugurada la temporada estival. Ante la presencia de autoridades, representantes de instituciones y vecinos, luego del izamiento de Banderas y la entonaci\u00f3n del Himno Nacional el contador Chalde se refiri\u00f3 en los primeros p\u00e1rrafos &hellip;<\/p>\n","protected":false},"author":4,"featured_media":0,"comment_status":"open","ping_status":"open","sticky":false,"template":"","format":"standard","meta":{"footnotes":""},"categories":[69],"tags":[],"class_list":["post-11810","post","type-post","status-publish","format-standard","","category-locales"],"_links":{"self":[{"href":"https:\/\/elportaldorrego.com\/index.php?rest_route=\/wp\/v2\/posts\/11810"}],"collection":[{"href":"https:\/\/elportaldorrego.com\/index.php?rest_route=\/wp\/v2\/posts"}],"about":[{"href":"https:\/\/elportaldorrego.com\/index.php?rest_route=\/wp\/v2\/types\/post"}],"author":[{"embeddable":true,"href":"https:\/\/elportaldorrego.com\/index.php?rest_route=\/wp\/v2\/users\/4"}],"replies":[{"embeddable":true,"href":"https:\/\/elportaldorrego.com\/index.php?rest_route=%2Fwp%2Fv2%2Fcomments&post=11810"}],"version-history":[{"count":1,"href":"https:\/\/elportaldorrego.com\/index.php?rest_route=\/wp\/v2\/posts\/11810\/revisions"}],"predecessor-version":[{"id":11813,"href":"https:\/\/elportaldorrego.com\/index.php?rest_route=\/wp\/v2\/posts\/11810\/revisions\/11813"}],"wp:attachment":[{"href":"https:\/\/elportaldorrego.com\/index.php?rest_route=%2Fwp%2Fv2%2Fmedia&parent=11810"}],"wp:term":[{"taxonomy":"category","embeddable":true,"href":"https:\/\/elportaldorrego.com\/index.php?rest_route=%2Fwp%2Fv2%2Fcategories&post=11810"},{"taxonomy":"post_tag","embeddable":true,"href":"https:\/\/elportaldorrego.com\/index.php?rest_route=%2Fwp%2Fv2%2Ftags&post=11810"}],"curies":[{"name":"wp","href":"https:\/\/api.w.org\/{rel}","templated":true}]}}