{"id":11814,"date":"2023-12-12T13:29:22","date_gmt":"2023-12-12T13:29:22","guid":{"rendered":"https:\/\/elportaldorrego.com\/?p=11814"},"modified":"2023-12-12T13:29:24","modified_gmt":"2023-12-12T13:29:24","slug":"juan-carlos-chalde-asumio-como-intendente-municipal","status":"publish","type":"post","link":"https:\/\/elportaldorrego.com\/?p=11814","title":{"rendered":"Juan Carlos Chalde asumi\u00f3 como intendente Municipal"},"content":{"rendered":"\n<p><\/p>\n\n\n\n<p>&nbsp;&nbsp;&nbsp;&nbsp;&nbsp;&nbsp;&nbsp;&nbsp;&nbsp;&nbsp;&nbsp; En el marco de una Sesi\u00f3n Especial del Honorable Concejo Deliberante desarrollada en un colmado Teatro Italiano, jur\u00f3 en la noche de este domingo 10 el contador Juan Carlos Chalde como intendente municipal de Coronel Dorrego.<\/p>\n\n\n\n<p>\u00a0\u00a0\u00a0\u00a0\u00a0\u00a0\u00a0\u00a0\u00a0\u00a0\u00a0 Habl\u00f3 el intendente saliente, Ra\u00fal Germ\u00e1n Reyes, quien agradeci\u00f3 a todos los dorreguenses por los 8 a\u00f1os en los que \u201ctrabajamos juntos\u00bb.<\/p>\n\n\n\n<figure class=\"wp-block-image size-large\"><img decoding=\"async\" src=\"http:\/\/elportaldorrego.com\/wp-content\/uploads\/2023\/12\/3-2-1024x575.jpg\" alt=\"\" class=\"wp-image-11815\" \/><\/figure>\n\n\n\n<p>&nbsp;&nbsp;&nbsp;&nbsp;&nbsp;&nbsp;&nbsp;&nbsp;&nbsp;&nbsp;&nbsp; Luego de prestar juramento el intendente Chalde pronunci\u00f3 un discurso en el que resalt\u00f3 en principio los 40 a\u00f1os de de la asunci\u00f3n del doctor Ra\u00fal Alfons\u00edn iniciando la restauraci\u00f3n de la democracia; tambi\u00e9n agradeci\u00f3 al intendente Reyes por su apertura y disposici\u00f3n para realizar una transici\u00f3n ordenada. Recibo una administraci\u00f3n equilibrada, lo cual no es un dato menor en estos tiempos, dijo el nuevo intendente.<\/p>\n\n\n\n<p>&nbsp;&nbsp;&nbsp;&nbsp;&nbsp;&nbsp;&nbsp;&nbsp;&nbsp;&nbsp;&nbsp; Manifest\u00f3 luego: \u201cNuestro pa\u00eds atraviesa una serie de novedades pol\u00edticas de gran importancia. El presidente Milei ha descripto en su discurso de hoy, una situaci\u00f3n econ\u00f3mica y social muy dif\u00edcil y compleja y anunci\u00f3 reformas profundas. La inflaci\u00f3n creciente y de niveles insostenibles, deteriora permanentemente el poder adquisitivo de los ingresos, generando urgencias y necesidades inmediatas en nuestra poblaci\u00f3n; las acompa\u00f1aremos con sensibilidad social y presencia del Estado, pero tambi\u00e9n con los atributos que traen las situaciones de crisis: la iniciativa, la capacidad de creaci\u00f3n, la b\u00fasqueda de otras formas de resolver que se nos presenta, se vuelven diamantes que brilla en el barro y nos recuerdan que la creatividad cultural es una propiedad \u00fanica de los seres humanos\u201d<\/p>\n\n\n\n<p>&nbsp;&nbsp;&nbsp;&nbsp;&nbsp;&nbsp;&nbsp;&nbsp;&nbsp;&nbsp;&nbsp; En otro p\u00e1rrafo dijo: \u201cEntre los objetivos centrales de esta administraci\u00f3n est\u00e1 el trabajar para articular el crecimiento econ\u00f3mico, impulsando nuevos proyectos productivos, industriales o de servicios y apoyando a los que ya est\u00e1n en marcha. A los emprendedores les ofreceremos un renovado programa de microcr\u00e9ditos, con capacitaci\u00f3n y soporte t\u00e9cnico. Queremos tambi\u00e9n desarrollar el sector turismo, con un concepto moderno que incluya un especial cuidado de los aspectos ambientales, pero que potencie nuestros atractivos propios.\u201d \u201cUn aspecto esencial del gobierno municipal ser\u00e1 la salud p\u00fablica\u201d \u2013 subray\u00f3.<\/p>\n\n\n\n<p>&nbsp;&nbsp;&nbsp;&nbsp;&nbsp;&nbsp;&nbsp;&nbsp;&nbsp;&nbsp;&nbsp; \u201cSomos conscientes de la necesidad de viviendas que tiene el distrito por lo cual vamos a desarrollar diversas acciones para contribuir a paliar este d\u00e9ficit\u201d<\/p>\n\n\n\n<p>&nbsp;&nbsp;&nbsp;&nbsp;&nbsp;&nbsp;&nbsp;&nbsp;&nbsp;&nbsp;&nbsp; &nbsp;\u201cPara los adultos mayores tenemos como prop\u00f3sito trabajar para acompa\u00f1ar un envejecimiento activo y saludable. Abriremos el Centro de D\u00eda en la casa que donara al municipio el doctor Osvaldo An\u00edbal Crego, a quien reitero el agradecimiento en nombre de toda la comunidad dorreguense\u201d.<\/p>\n\n\n\n<p>&nbsp;&nbsp;&nbsp;&nbsp;&nbsp;&nbsp;&nbsp;&nbsp;&nbsp;&nbsp;&nbsp; \u201cPara este equipo de gobierno que asume hoy es muy importante la integraci\u00f3n de todas las personas que habitan en el distrito, independientemente de la localidad en la cual residen, o si lo hacen en la zona rural\u201d.<\/p>\n\n\n\n<p>&nbsp;&nbsp;&nbsp;&nbsp;&nbsp;&nbsp;&nbsp;&nbsp;&nbsp;&nbsp;&nbsp; \u201cNada de todo esto ser\u00e1 posible sin poner en el centro lo educativo\u201d. Enfatiz\u00f3 Chalde.<\/p>\n\n\n\n<p>&nbsp;&nbsp;&nbsp;&nbsp;&nbsp;&nbsp;&nbsp;&nbsp;&nbsp;&nbsp;&nbsp; Finalmente, expres\u00f3 el flamante jefe comunal: \u201c A lo largo de la historia de los pueblos, los mejores proyectos han surgido muchas veces de las mayores dificultades. En tiempos de crisis, los obst\u00e1culos son el camino; los impedimentos, la ocasi\u00f3n de recorrerlo; la adversidad, la m\u00e1s profunda invitaci\u00f3n a permanecer trabajando juntos.<\/p>\n\n\n\n<p>&nbsp;&nbsp;&nbsp;&nbsp;&nbsp;&nbsp;&nbsp;&nbsp;&nbsp;&nbsp;&nbsp; Como en tiempo de los abuelos inmigrantes, que no han dejado como&nbsp; testimonio de su trabajo comunitario dos teatros hermosos y m\u00faltiples asociaciones que todav\u00eda hoy dan fruto, son nuestras manos y nuestros corazones los que crean la realidad.<\/p>\n\n\n\n<p>&nbsp;&nbsp;&nbsp;&nbsp;&nbsp;&nbsp;&nbsp;&nbsp;&nbsp;&nbsp;&nbsp; Quiero invitarlos a todos a despertar nuestras manos y nuestras pasiones, a recuperar ese so\u00f1ar juntos, para construir, codo a codo, el Dorrego que todos queremos para vivir y que las nuevas generaciones se merecen. De nosotros depende.<\/p>\n\n\n\n<p>\u00a0\u00a0\u00a0\u00a0\u00a0\u00a0\u00a0\u00a0\u00a0\u00a0\u00a0 Para resumir mi sentir voy a tomar una frase de la canci\u00f3n Imagina de John Lennon: Podr\u00e1n decir que soy un so\u00f1ador, pero no soy el \u00fanico.\u201d Finaliz\u00f3 diciendo el intendente Juan Carlos Chalde.<\/p>\n\n\n\n<figure class=\"wp-block-image size-large\"><img decoding=\"async\" src=\"http:\/\/elportaldorrego.com\/wp-content\/uploads\/2023\/12\/5-1-1024x575.jpg\" alt=\"\" class=\"wp-image-11816\" \/><\/figure>\n\n\n\n<p>&nbsp;&nbsp;&nbsp;&nbsp;&nbsp;&nbsp;&nbsp;&nbsp;&nbsp;&nbsp;&nbsp; Luego, el contador Chalde entreg\u00f3 los Decretos de Designaci\u00f3n a sus nuevos funcionarios.<\/p>\n\n\n\n<p>&nbsp;&nbsp;&nbsp;&nbsp;&nbsp;&nbsp;&nbsp;&nbsp;&nbsp;&nbsp;&nbsp;&nbsp;&nbsp;&nbsp;&nbsp;&nbsp;<strong>Funcionarios que fueron designados por el intendente Chalde<\/strong><\/p>\n\n\n\n<p>Secretaria de Gobierno y Hacienda, Mar\u00eda Laura Dumrauf.<\/p>\n\n\n\n<p>Secretario de Ambiente, Obras y Servicios P\u00fablicos, Ramiro Zarzoso.<\/p>\n\n\n\n<p>Director de Gobierno, Silvio Canavesi.<\/p>\n\n\n\n<p>Director de Servicios, Cristian Frandsen.<\/p>\n\n\n\n<p>Director de Desarrollo Social, Luciano Ripoll.<\/p>\n\n\n\n<p>Director de Salud, Fabi\u00e1n Zorzano.<\/p>\n\n\n\n<p>Director del Hospital, Santiago Braghero.<\/p>\n\n\n\n<p>Administradora de Servicios de Salud, Mariana Merino.<\/p>\n\n\n\n<p>Directora de Asuntos Legales, Soraya Barandiar\u00e1n Amestoy.<\/p>\n\n\n\n<p>Directora de Hacienda, Mar\u00eda In\u00e9s Di Paolo.<\/p>\n\n\n\n<p>Jefe de Compras, Lucio Zarzoso.<\/p>\n\n\n\n<p>Director de Cultura, Cristian Demarco.<\/p>\n\n\n\n<p>Director de Obras P\u00fablicas, Leandro Unger.<\/p>\n\n\n\n<p>Director de Vialidad, Mariano Ripoll.<\/p>\n\n\n\n<p>Director de Inspecci\u00f3n General y Seguridad, Mario Andr\u00e9s Chana.<\/p>\n\n\n\n<p>Subdirector de Obras Sanitarias, Alumbrado P\u00fablico y Comunicaciones, Franco Mazzarini.<\/p>\n\n\n\n<p>Subdirector de Bromatolog\u00eda, Pedro Retta.<\/p>\n\n\n\n<p>Subdirector de Deportes, Rub\u00e9n Bilbao.<\/p>\n\n\n\n<p>Contadora, Jimena P\u00e9rez Conti.<\/p>\n\n\n\n<p>Delegado de Oriente, Patricio Bertone.<\/p>\n\n\n\n<p>Delegado de El Perdido, Alejandro D\u2019Annunzio.<\/p>\n\n\n\n<p>Subdelegado de Marisol, Ra\u00fal Bonini.<\/p>\n\n\n\n<p>Info y fotos  : Prensa Municipalidad de C.Dorrego <\/p>\n","protected":false},"excerpt":{"rendered":"<p>&nbsp;&nbsp;&nbsp;&nbsp;&nbsp;&nbsp;&nbsp;&nbsp;&nbsp;&nbsp;&nbsp; En el marco de una Sesi\u00f3n Especial del Honorable Concejo Deliberante desarrollada en un colmado Teatro Italiano, jur\u00f3 en la noche de este domingo 10 el contador Juan Carlos Chalde como intendente municipal de Coronel Dorrego. \u00a0\u00a0\u00a0\u00a0\u00a0\u00a0\u00a0\u00a0\u00a0\u00a0\u00a0 Habl\u00f3 el intendente saliente, Ra\u00fal Germ\u00e1n Reyes, quien agradeci\u00f3 a todos los dorreguenses por los 8 a\u00f1os &hellip;<\/p>\n","protected":false},"author":4,"featured_media":0,"comment_status":"open","ping_status":"open","sticky":false,"template":"","format":"standard","meta":{"footnotes":""},"categories":[69],"tags":[],"class_list":["post-11814","post","type-post","status-publish","format-standard","","category-locales"],"_links":{"self":[{"href":"https:\/\/elportaldorrego.com\/index.php?rest_route=\/wp\/v2\/posts\/11814"}],"collection":[{"href":"https:\/\/elportaldorrego.com\/index.php?rest_route=\/wp\/v2\/posts"}],"about":[{"href":"https:\/\/elportaldorrego.com\/index.php?rest_route=\/wp\/v2\/types\/post"}],"author":[{"embeddable":true,"href":"https:\/\/elportaldorrego.com\/index.php?rest_route=\/wp\/v2\/users\/4"}],"replies":[{"embeddable":true,"href":"https:\/\/elportaldorrego.com\/index.php?rest_route=%2Fwp%2Fv2%2Fcomments&post=11814"}],"version-history":[{"count":1,"href":"https:\/\/elportaldorrego.com\/index.php?rest_route=\/wp\/v2\/posts\/11814\/revisions"}],"predecessor-version":[{"id":11817,"href":"https:\/\/elportaldorrego.com\/index.php?rest_route=\/wp\/v2\/posts\/11814\/revisions\/11817"}],"wp:attachment":[{"href":"https:\/\/elportaldorrego.com\/index.php?rest_route=%2Fwp%2Fv2%2Fmedia&parent=11814"}],"wp:term":[{"taxonomy":"category","embeddable":true,"href":"https:\/\/elportaldorrego.com\/index.php?rest_route=%2Fwp%2Fv2%2Fcategories&post=11814"},{"taxonomy":"post_tag","embeddable":true,"href":"https:\/\/elportaldorrego.com\/index.php?rest_route=%2Fwp%2Fv2%2Ftags&post=11814"}],"curies":[{"name":"wp","href":"https:\/\/api.w.org\/{rel}","templated":true}]}}