{"id":11844,"date":"2023-12-14T15:24:27","date_gmt":"2023-12-14T15:24:27","guid":{"rendered":"https:\/\/elportaldorrego.com\/?p=11844"},"modified":"2023-12-14T15:24:29","modified_gmt":"2023-12-14T15:24:29","slug":"faro-inspiro-un-emotivo-momento","status":"publish","type":"post","link":"https:\/\/elportaldorrego.com\/?p=11844","title":{"rendered":"Faro inspir\u00f3 un emotivo momento"},"content":{"rendered":"\n<p><\/p>\n\n\n\n<p>&nbsp;&nbsp;&nbsp;&nbsp;&nbsp;&nbsp;&nbsp;&nbsp;&nbsp;&nbsp;&nbsp; La Estaci\u00f3n &#8211; Museo fue el propicio continente para dotar de genuina emotividad al Acto de celebraci\u00f3n del 112\u00ba aniversario de la localidad de Faro. Presidi\u00f3 el mismo el intendente de Coronel Dorrego, contador Juan Carlos Chalde quien ante la presencia de autoridades, representantes de instituciones y vecinos habl\u00f3 luego de la entonaci\u00f3n del Himno Nacional.&nbsp;&nbsp;&nbsp;&nbsp;&nbsp;&nbsp;&nbsp;&nbsp;<\/p>\n\n\n\n<p>&nbsp;&nbsp;&nbsp;&nbsp;&nbsp;&nbsp;&nbsp;&nbsp;&nbsp;&nbsp;&nbsp; En la primera&nbsp;parte de su alocuci\u00f3n el jefe comunal se refiri\u00f3 a su vida en El Zorro, trazando los rasgos de similitud entre los habitantes de los pueblos rurales. Luego mencion\u00f3: \u00abLa im\u00e1gen que estamos viendo, la Escuela, el Jard\u00edn, las instituciones, vivas y presentes a\u00fan, es muy representativa de la fuerza que tiene el lugar, del sentido de pertenencia, y de los importante que es que estos ni\u00f1os (alumnos presentes) tengan las mismas oportunidades en la educaci\u00f3n que la que puedan tener quienes viven en la ciudad. Es muy importante -subray\u00f3- y por eso tenemos que defender tanto las comunidades y las escuelas rurales\u00bb. \u00abVeo el mismo esp\u00edritu de pertenencia, las mismas ganas de defender la comunidad, el juntarnos para celebrar un aniversario; creo que es bueno, muy importante, nos hace bien, para mantener vivas las ganas de que las comunidades defiendan, potencien cada una de las cosas. Ac\u00e1 veo todas las im\u00e1genes que est\u00e1n en las paredes, en esta Estaci\u00f3n &#8211; Museo que seguramente podremos ponerla nuevamente en valor como museo. Que sea un lugar &nbsp;de visita para muchas gente que vive en cualquier lugar del Pa\u00eds.<\/p>\n\n\n\n<p>&nbsp;&nbsp;&nbsp;&nbsp;&nbsp;&nbsp;&nbsp;&nbsp;&nbsp;&nbsp;&nbsp; As\u00ed que celebro este aniversario de Faro, que siga con la misma potencia. Hoy no se juntan las bolsas como muestran las fotos, pero veo pasar cosechadoras; sigue viva la identidad de las peque\u00f1as localidades\u00bb. Finaliz\u00f3 diciendo.<\/p>\n\n\n\n<p>&nbsp;&nbsp;&nbsp;&nbsp;&nbsp;&nbsp;&nbsp;&nbsp;&nbsp;&nbsp;&nbsp; Luego la presidenta del Consejo Escolar, Gabriela Batista, brind\u00f3 detalles hist\u00f3ricos de Faro, hizo alusi\u00f3n al poeta Luis Domingo Behro, autor de Estaci\u00f3n de v\u00edas muertas, inspirada en Faro. Para finalizar ley\u00f3 un fragmento del poema: Los pueblos de gesto antiguo, de Hamlet Quintana, que dice: Me gustan los pueblos chicos de gesto antiguo \/ con gente que da la mano y saluda al sol \/ que sabe ganar la vida y ganar la muerte. All\u00e1 me voy a vivir \/ con gente que planta un \u00e1rbol y enciende amor&#8230;\u00bb Culmin\u00f3 expresando Gabriela Batista.<\/p>\n\n\n\n<p>\u00a0\u00a0\u00a0\u00a0\u00a0\u00a0\u00a0\u00a0\u00a0\u00a0\u00a0 Para finalizar se comparti\u00f3 un \u00e1gape entre los presentes.<\/p>\n\n\n\n<p>Info y fotos : Prensa Municipalidad de C.Dorrego <\/p>\n\n\n\n<figure class=\"wp-block-image size-full\"><img decoding=\"async\" src=\"http:\/\/elportaldorrego.com\/wp-content\/uploads\/2023\/12\/1-6.jpg\" alt=\"\" class=\"wp-image-11845\" \/><\/figure>\n\n\n\n<figure class=\"wp-block-image size-large\"><img decoding=\"async\" src=\"http:\/\/elportaldorrego.com\/wp-content\/uploads\/2023\/12\/5-2-1024x768.jpg\" alt=\"\" class=\"wp-image-11846\" \/><\/figure>\n","protected":false},"excerpt":{"rendered":"<p>&nbsp;&nbsp;&nbsp;&nbsp;&nbsp;&nbsp;&nbsp;&nbsp;&nbsp;&nbsp;&nbsp; La Estaci\u00f3n &#8211; Museo fue el propicio continente para dotar de genuina emotividad al Acto de celebraci\u00f3n del 112\u00ba aniversario de la localidad de Faro. Presidi\u00f3 el mismo el intendente de Coronel Dorrego, contador Juan Carlos Chalde quien ante la presencia de autoridades, representantes de instituciones y vecinos habl\u00f3 luego de la entonaci\u00f3n del &hellip;<\/p>\n","protected":false},"author":4,"featured_media":0,"comment_status":"open","ping_status":"open","sticky":false,"template":"","format":"standard","meta":{"footnotes":""},"categories":[69],"tags":[],"class_list":["post-11844","post","type-post","status-publish","format-standard","","category-locales"],"_links":{"self":[{"href":"https:\/\/elportaldorrego.com\/index.php?rest_route=\/wp\/v2\/posts\/11844"}],"collection":[{"href":"https:\/\/elportaldorrego.com\/index.php?rest_route=\/wp\/v2\/posts"}],"about":[{"href":"https:\/\/elportaldorrego.com\/index.php?rest_route=\/wp\/v2\/types\/post"}],"author":[{"embeddable":true,"href":"https:\/\/elportaldorrego.com\/index.php?rest_route=\/wp\/v2\/users\/4"}],"replies":[{"embeddable":true,"href":"https:\/\/elportaldorrego.com\/index.php?rest_route=%2Fwp%2Fv2%2Fcomments&post=11844"}],"version-history":[{"count":1,"href":"https:\/\/elportaldorrego.com\/index.php?rest_route=\/wp\/v2\/posts\/11844\/revisions"}],"predecessor-version":[{"id":11847,"href":"https:\/\/elportaldorrego.com\/index.php?rest_route=\/wp\/v2\/posts\/11844\/revisions\/11847"}],"wp:attachment":[{"href":"https:\/\/elportaldorrego.com\/index.php?rest_route=%2Fwp%2Fv2%2Fmedia&parent=11844"}],"wp:term":[{"taxonomy":"category","embeddable":true,"href":"https:\/\/elportaldorrego.com\/index.php?rest_route=%2Fwp%2Fv2%2Fcategories&post=11844"},{"taxonomy":"post_tag","embeddable":true,"href":"https:\/\/elportaldorrego.com\/index.php?rest_route=%2Fwp%2Fv2%2Ftags&post=11844"}],"curies":[{"name":"wp","href":"https:\/\/api.w.org\/{rel}","templated":true}]}}