{"id":11854,"date":"2023-12-14T23:28:08","date_gmt":"2023-12-14T23:28:08","guid":{"rendered":"https:\/\/elportaldorrego.com\/?p=11854"},"modified":"2023-12-14T23:28:10","modified_gmt":"2023-12-14T23:28:10","slug":"fue-homenajeado-el-coronel-dorrego","status":"publish","type":"post","link":"https:\/\/elportaldorrego.com\/?p=11854","title":{"rendered":"Fue homenajeado el Coronel Dorrego"},"content":{"rendered":"\n<p><\/p>\n\n\n\n<p>\u00a0\u00a0\u00a0\u00a0\u00a0\u00a0\u00a0\u00a0\u00a0\u00a0\u00a0 El intendente Juan Carlos Chalde presidi\u00f3 este  mi\u00e9rcoles en la Plaza Central\u00a0 el acto conmemorativo del 195\u00ba Aniversario del Fusilamiento de Manuel Dorrego. Con la presencia de autoridades y representantes de instituciones y luego de entonar el Himno Nacional Argentino, habl\u00f3 el director de Cultura, Cristian Demarco quien realiz\u00f3 una apretada s\u00edntesis de la valerosa vida del Coronel Manuel Cr\u00edspulo Bernab\u00e9 Dorrego. Habl\u00f3 de sus luchas, de sus ideas y del lamentable suceso que culmin\u00f3 con su vida en los campos de Navarro en 1828.<\/p>\n\n\n\n<p>\u00a0\u00a0\u00a0\u00a0\u00a0\u00a0\u00a0\u00a0\u00a0\u00a0\u00a0 Posteriormente habl\u00f3 el intendente Juan Carlos Chalde quien se refiri\u00f3 a la importancia que tiene para nosotros como vecinos que nuestro distrito lleve el nombre de tan importante pr\u00f3cer de la historia; tambi\u00e9n se refiri\u00f3 a su humildad \u00abque lo hizo ganarse el amor y el reconocimiento de los sectores m\u00e1s populares. Es muy bueno recordarlo, prosigui\u00f3 diciendo, para mantener viva la llama, y transmitirle a nuestros j\u00f3venes que no es la violencia, no es matando al adversario que vamos a construir una Naci\u00f3n potente, en crecimiento y con igualdad de oportunidades para todos\u00bb, dijo el jefe comunal.<\/p>\n\n\n\n<p>Info y fotos  : Prensa Municipalidad de C.Dorrego <\/p>\n\n\n\n<figure class=\"wp-block-image size-large\"><img decoding=\"async\" src=\"http:\/\/elportaldorrego.com\/wp-content\/uploads\/2023\/12\/IMG_2238-1-1024x980.jpg\" alt=\"\" class=\"wp-image-11855\" \/><\/figure>\n\n\n\n<figure class=\"wp-block-image size-full\"><img decoding=\"async\" src=\"http:\/\/elportaldorrego.com\/wp-content\/uploads\/2023\/12\/IMG_2231-scaled.jpg\" alt=\"\" class=\"wp-image-11856\" \/><\/figure>\n\n\n\n<figure class=\"wp-block-image size-full\"><img decoding=\"async\" src=\"http:\/\/elportaldorrego.com\/wp-content\/uploads\/2023\/12\/IMG_2235.jpg\" alt=\"\" class=\"wp-image-11857\" \/><\/figure>\n","protected":false},"excerpt":{"rendered":"<p>\u00a0\u00a0\u00a0\u00a0\u00a0\u00a0\u00a0\u00a0\u00a0\u00a0\u00a0 El intendente Juan Carlos Chalde presidi\u00f3 este mi\u00e9rcoles en la Plaza Central\u00a0 el acto conmemorativo del 195\u00ba Aniversario del Fusilamiento de Manuel Dorrego. Con la presencia de autoridades y representantes de instituciones y luego de entonar el Himno Nacional Argentino, habl\u00f3 el director de Cultura, Cristian Demarco quien realiz\u00f3 una apretada s\u00edntesis de la &hellip;<\/p>\n","protected":false},"author":4,"featured_media":0,"comment_status":"open","ping_status":"open","sticky":false,"template":"","format":"standard","meta":{"footnotes":""},"categories":[69],"tags":[],"class_list":["post-11854","post","type-post","status-publish","format-standard","","category-locales"],"_links":{"self":[{"href":"https:\/\/elportaldorrego.com\/index.php?rest_route=\/wp\/v2\/posts\/11854"}],"collection":[{"href":"https:\/\/elportaldorrego.com\/index.php?rest_route=\/wp\/v2\/posts"}],"about":[{"href":"https:\/\/elportaldorrego.com\/index.php?rest_route=\/wp\/v2\/types\/post"}],"author":[{"embeddable":true,"href":"https:\/\/elportaldorrego.com\/index.php?rest_route=\/wp\/v2\/users\/4"}],"replies":[{"embeddable":true,"href":"https:\/\/elportaldorrego.com\/index.php?rest_route=%2Fwp%2Fv2%2Fcomments&post=11854"}],"version-history":[{"count":1,"href":"https:\/\/elportaldorrego.com\/index.php?rest_route=\/wp\/v2\/posts\/11854\/revisions"}],"predecessor-version":[{"id":11858,"href":"https:\/\/elportaldorrego.com\/index.php?rest_route=\/wp\/v2\/posts\/11854\/revisions\/11858"}],"wp:attachment":[{"href":"https:\/\/elportaldorrego.com\/index.php?rest_route=%2Fwp%2Fv2%2Fmedia&parent=11854"}],"wp:term":[{"taxonomy":"category","embeddable":true,"href":"https:\/\/elportaldorrego.com\/index.php?rest_route=%2Fwp%2Fv2%2Fcategories&post=11854"},{"taxonomy":"post_tag","embeddable":true,"href":"https:\/\/elportaldorrego.com\/index.php?rest_route=%2Fwp%2Fv2%2Ftags&post=11854"}],"curies":[{"name":"wp","href":"https:\/\/api.w.org\/{rel}","templated":true}]}}