{"id":12368,"date":"2024-03-16T13:03:30","date_gmt":"2024-03-16T13:03:30","guid":{"rendered":"https:\/\/elportaldorrego.com\/?p=12368"},"modified":"2024-03-16T13:05:32","modified_gmt":"2024-03-16T13:05:32","slug":"desarrollo-social-charla-informativa-sobre-centro-de-dia-para-personas-mayores","status":"publish","type":"post","link":"https:\/\/elportaldorrego.com\/?p=12368","title":{"rendered":"Desarrollo Social. Charla informativa sobre Centro de D\u00eda para Personas Mayores"},"content":{"rendered":"\n<p><\/p>\n\n\n\n<p>\u00a0\u00a0\u00a0\u00a0\u00a0\u00a0\u00a0\u00a0\u00a0\u00a0\u00a0 Desde la Direcci\u00f3n de Desarrollo Social se invita a los vecinos a participar de la Charla informativa e inscripci\u00f3n para el Centro de D\u00eda destinado a las Personas Mayores de 60 a\u00f1os. Ser\u00e1 el mi\u00e9rcoles 20 de marzo a las 10 en el Centro Cultural Municipal.<\/p>\n\n\n\n<p><strong>Desarrollo Social. Entrega de apoyo alimentario<\/strong><\/p>\n\n\n\n<p>&nbsp;&nbsp;&nbsp;&nbsp;&nbsp;&nbsp;&nbsp;&nbsp;&nbsp;&nbsp;&nbsp; La Direcci\u00f3n de Desarrollo Social inform\u00f3 que jueves 21 y viernes 22 se realizar\u00e1 la entrega de apoyo alimentario. &nbsp;Solicit\u00f3 adem\u00e1s, asistir con el DNI correspondiente al dep\u00f3sito de Desarrollo Social de 8 a 13.<\/p>\n\n\n\n<p>Info  :  Prensa municipalidad de C.Dorrego <\/p>\n","protected":false},"excerpt":{"rendered":"<p>\u00a0\u00a0\u00a0\u00a0\u00a0\u00a0\u00a0\u00a0\u00a0\u00a0\u00a0 Desde la Direcci\u00f3n de Desarrollo Social se invita a los vecinos a participar de la Charla informativa e inscripci\u00f3n para el Centro de D\u00eda destinado a las Personas Mayores de 60 a\u00f1os. Ser\u00e1 el mi\u00e9rcoles 20 de marzo a las 10 en el Centro Cultural Municipal. Desarrollo Social. Entrega de apoyo alimentario &nbsp;&nbsp;&nbsp;&nbsp;&nbsp;&nbsp;&nbsp;&nbsp;&nbsp;&nbsp;&nbsp; La &hellip;<\/p>\n","protected":false},"author":4,"featured_media":0,"comment_status":"open","ping_status":"open","sticky":false,"template":"","format":"standard","meta":{"footnotes":""},"categories":[69],"tags":[],"class_list":["post-12368","post","type-post","status-publish","format-standard","","category-locales"],"_links":{"self":[{"href":"https:\/\/elportaldorrego.com\/index.php?rest_route=\/wp\/v2\/posts\/12368"}],"collection":[{"href":"https:\/\/elportaldorrego.com\/index.php?rest_route=\/wp\/v2\/posts"}],"about":[{"href":"https:\/\/elportaldorrego.com\/index.php?rest_route=\/wp\/v2\/types\/post"}],"author":[{"embeddable":true,"href":"https:\/\/elportaldorrego.com\/index.php?rest_route=\/wp\/v2\/users\/4"}],"replies":[{"embeddable":true,"href":"https:\/\/elportaldorrego.com\/index.php?rest_route=%2Fwp%2Fv2%2Fcomments&post=12368"}],"version-history":[{"count":2,"href":"https:\/\/elportaldorrego.com\/index.php?rest_route=\/wp\/v2\/posts\/12368\/revisions"}],"predecessor-version":[{"id":12371,"href":"https:\/\/elportaldorrego.com\/index.php?rest_route=\/wp\/v2\/posts\/12368\/revisions\/12371"}],"wp:attachment":[{"href":"https:\/\/elportaldorrego.com\/index.php?rest_route=%2Fwp%2Fv2%2Fmedia&parent=12368"}],"wp:term":[{"taxonomy":"category","embeddable":true,"href":"https:\/\/elportaldorrego.com\/index.php?rest_route=%2Fwp%2Fv2%2Fcategories&post=12368"},{"taxonomy":"post_tag","embeddable":true,"href":"https:\/\/elportaldorrego.com\/index.php?rest_route=%2Fwp%2Fv2%2Ftags&post=12368"}],"curies":[{"name":"wp","href":"https:\/\/api.w.org\/{rel}","templated":true}]}}