{"id":12399,"date":"2024-03-19T13:00:01","date_gmt":"2024-03-19T13:00:01","guid":{"rendered":"https:\/\/elportaldorrego.com\/?p=12399"},"modified":"2024-03-19T13:00:04","modified_gmt":"2024-03-19T13:00:04","slug":"24-de-marzo-el-acto-por-el-dia-de-la-memoria-la-verdad-y-la-justicia-sera-a-las-10-en-la-plaza-central","status":"publish","type":"post","link":"https:\/\/elportaldorrego.com\/?p=12399","title":{"rendered":"24 de marzo. El acto por el D\u00eda de la Memoria la Verdad y la Justicia ser\u00e1 a las 10 en la Plaza Central."},"content":{"rendered":"\n<p>La Municipalidad anunci\u00f3 el Acto por el D\u00eda Nacional de la Memoria por la Verdad y la Justicia. Ser\u00e1 este domingo 24 a las 10 en la Plaza Central. Desde Protocolo de la comuna se invit\u00f3 a concurrir con banderas de ceremonia.<\/p>\n\n\n\n<p>Info e imagen  : Prensa municipalidad de C.Dorrego <\/p>\n\n\n\n<figure class=\"wp-block-image size-full\"><img decoding=\"async\" src=\"http:\/\/elportaldorrego.com\/wp-content\/uploads\/2024\/03\/image002-10.jpg\" alt=\"\" class=\"wp-image-12400\" \/><\/figure>\n","protected":false},"excerpt":{"rendered":"<p>La Municipalidad anunci\u00f3 el Acto por el D\u00eda Nacional de la Memoria por la Verdad y la Justicia. Ser\u00e1 este domingo 24 a las 10 en la Plaza Central. Desde Protocolo de la comuna se invit\u00f3 a concurrir con banderas de ceremonia. Info e imagen : Prensa municipalidad de C.Dorrego<\/p>\n","protected":false},"author":4,"featured_media":0,"comment_status":"open","ping_status":"open","sticky":false,"template":"","format":"standard","meta":{"footnotes":""},"categories":[69],"tags":[],"class_list":["post-12399","post","type-post","status-publish","format-standard","","category-locales"],"_links":{"self":[{"href":"https:\/\/elportaldorrego.com\/index.php?rest_route=\/wp\/v2\/posts\/12399"}],"collection":[{"href":"https:\/\/elportaldorrego.com\/index.php?rest_route=\/wp\/v2\/posts"}],"about":[{"href":"https:\/\/elportaldorrego.com\/index.php?rest_route=\/wp\/v2\/types\/post"}],"author":[{"embeddable":true,"href":"https:\/\/elportaldorrego.com\/index.php?rest_route=\/wp\/v2\/users\/4"}],"replies":[{"embeddable":true,"href":"https:\/\/elportaldorrego.com\/index.php?rest_route=%2Fwp%2Fv2%2Fcomments&post=12399"}],"version-history":[{"count":1,"href":"https:\/\/elportaldorrego.com\/index.php?rest_route=\/wp\/v2\/posts\/12399\/revisions"}],"predecessor-version":[{"id":12401,"href":"https:\/\/elportaldorrego.com\/index.php?rest_route=\/wp\/v2\/posts\/12399\/revisions\/12401"}],"wp:attachment":[{"href":"https:\/\/elportaldorrego.com\/index.php?rest_route=%2Fwp%2Fv2%2Fmedia&parent=12399"}],"wp:term":[{"taxonomy":"category","embeddable":true,"href":"https:\/\/elportaldorrego.com\/index.php?rest_route=%2Fwp%2Fv2%2Fcategories&post=12399"},{"taxonomy":"post_tag","embeddable":true,"href":"https:\/\/elportaldorrego.com\/index.php?rest_route=%2Fwp%2Fv2%2Ftags&post=12399"}],"curies":[{"name":"wp","href":"https:\/\/api.w.org\/{rel}","templated":true}]}}