{"id":12402,"date":"2024-03-19T13:15:09","date_gmt":"2024-03-19T13:15:09","guid":{"rendered":"https:\/\/elportaldorrego.com\/?p=12402"},"modified":"2024-03-19T13:16:50","modified_gmt":"2024-03-19T13:16:50","slug":"produccion-plantas-de-olivos-en-los-jardines-de-infantes","status":"publish","type":"post","link":"https:\/\/elportaldorrego.com\/?p=12402","title":{"rendered":"Producci\u00f3n. Plantas de olivos en los jardines de infantes"},"content":{"rendered":"\n<p><\/p>\n\n\n\n<p>&nbsp;&nbsp;&nbsp;&nbsp;&nbsp;&nbsp;&nbsp;&nbsp;&nbsp;&nbsp;&nbsp; En el marco de un proyecto que contempla implantar olivos en los jardines de infantes del distrito;  la directora de Producci\u00f3n, Beatr\u00edz Caramelli, realiz\u00f3 esa tarea en el Jard\u00edn San Jos\u00e9, en tanto este mi\u00e9rcoles har\u00e1 lo propio en el Jard\u00edn Los Farolitos. Durante el a\u00f1o se suceder\u00e1n las visitas a los dem\u00e1s jardines con esta propuesta.<\/p>\n\n\n\n<p>&nbsp;&nbsp;&nbsp;&nbsp;&nbsp;&nbsp;&nbsp;&nbsp;&nbsp;&nbsp;&nbsp; Seg\u00fan coment\u00f3 la funcionaria, la intenci\u00f3n es que los ni\u00f1os aprendan detalles relacionados con la implantaci\u00f3n y el cuidado del olivo. Todo este trabajo se enmarca en la Fiesta del Olivo y tambi\u00e9n en la relevancia productiva que ha adquirido la actividad oliv\u00edcola en el Partido. &nbsp;<\/p>\n\n\n\n<p>Info y foto :  Prensa municipalidad de C.Dorrego <\/p>\n\n\n\n<figure class=\"wp-block-image size-full is-resized\"><img loading=\"lazy\" decoding=\"async\" src=\"http:\/\/elportaldorrego.com\/wp-content\/uploads\/2024\/03\/image004-6.jpg\" alt=\"\" class=\"wp-image-12403\" width=\"367\" height=\"367\" \/><\/figure>\n","protected":false},"excerpt":{"rendered":"<p>&nbsp;&nbsp;&nbsp;&nbsp;&nbsp;&nbsp;&nbsp;&nbsp;&nbsp;&nbsp;&nbsp; En el marco de un proyecto que contempla implantar olivos en los jardines de infantes del distrito; la directora de Producci\u00f3n, Beatr\u00edz Caramelli, realiz\u00f3 esa tarea en el Jard\u00edn San Jos\u00e9, en tanto este mi\u00e9rcoles har\u00e1 lo propio en el Jard\u00edn Los Farolitos. Durante el a\u00f1o se suceder\u00e1n las visitas a los dem\u00e1s jardines &hellip;<\/p>\n","protected":false},"author":4,"featured_media":0,"comment_status":"open","ping_status":"open","sticky":false,"template":"","format":"standard","meta":{"footnotes":""},"categories":[69],"tags":[],"class_list":["post-12402","post","type-post","status-publish","format-standard","","category-locales"],"_links":{"self":[{"href":"https:\/\/elportaldorrego.com\/index.php?rest_route=\/wp\/v2\/posts\/12402"}],"collection":[{"href":"https:\/\/elportaldorrego.com\/index.php?rest_route=\/wp\/v2\/posts"}],"about":[{"href":"https:\/\/elportaldorrego.com\/index.php?rest_route=\/wp\/v2\/types\/post"}],"author":[{"embeddable":true,"href":"https:\/\/elportaldorrego.com\/index.php?rest_route=\/wp\/v2\/users\/4"}],"replies":[{"embeddable":true,"href":"https:\/\/elportaldorrego.com\/index.php?rest_route=%2Fwp%2Fv2%2Fcomments&post=12402"}],"version-history":[{"count":2,"href":"https:\/\/elportaldorrego.com\/index.php?rest_route=\/wp\/v2\/posts\/12402\/revisions"}],"predecessor-version":[{"id":12406,"href":"https:\/\/elportaldorrego.com\/index.php?rest_route=\/wp\/v2\/posts\/12402\/revisions\/12406"}],"wp:attachment":[{"href":"https:\/\/elportaldorrego.com\/index.php?rest_route=%2Fwp%2Fv2%2Fmedia&parent=12402"}],"wp:term":[{"taxonomy":"category","embeddable":true,"href":"https:\/\/elportaldorrego.com\/index.php?rest_route=%2Fwp%2Fv2%2Fcategories&post=12402"},{"taxonomy":"post_tag","embeddable":true,"href":"https:\/\/elportaldorrego.com\/index.php?rest_route=%2Fwp%2Fv2%2Ftags&post=12402"}],"curies":[{"name":"wp","href":"https:\/\/api.w.org\/{rel}","templated":true}]}}