{"id":12407,"date":"2024-03-19T13:38:44","date_gmt":"2024-03-19T13:38:44","guid":{"rendered":"https:\/\/elportaldorrego.com\/?p=12407"},"modified":"2024-03-19T13:38:47","modified_gmt":"2024-03-19T13:38:47","slug":"desarrollo-social-charla-informativa-sobre-centro-de-dia-para-personas-mayores-2","status":"publish","type":"post","link":"https:\/\/elportaldorrego.com\/?p=12407","title":{"rendered":"Desarrollo Social. Charla informativa sobre Centro de D\u00eda para Personas Mayores"},"content":{"rendered":"\n<p><\/p>\n\n\n\n<p>\u00a0\u00a0\u00a0\u00a0\u00a0\u00a0\u00a0\u00a0\u00a0\u00a0\u00a0 Desde la Direcci\u00f3n de Desarrollo Social se invita a los vecinos a participar de la Charla informativa e inscripci\u00f3n para el Centro de D\u00eda destinado a las Personas Mayores de 60 a\u00f1os. Ser\u00e1 este  mi\u00e9rcoles 20 a las 10 en el Centro Cultural Municipal.<\/p>\n\n\n\n<p>Info e imagen  : Prensa municipalidad de C.Dorrego <\/p>\n\n\n\n<figure class=\"wp-block-image size-full\"><img decoding=\"async\" src=\"http:\/\/elportaldorrego.com\/wp-content\/uploads\/2024\/03\/image002-11.jpg\" alt=\"\" class=\"wp-image-12408\" \/><\/figure>\n","protected":false},"excerpt":{"rendered":"<p>\u00a0\u00a0\u00a0\u00a0\u00a0\u00a0\u00a0\u00a0\u00a0\u00a0\u00a0 Desde la Direcci\u00f3n de Desarrollo Social se invita a los vecinos a participar de la Charla informativa e inscripci\u00f3n para el Centro de D\u00eda destinado a las Personas Mayores de 60 a\u00f1os. Ser\u00e1 este mi\u00e9rcoles 20 a las 10 en el Centro Cultural Municipal. Info e imagen : Prensa municipalidad de C.Dorrego<\/p>\n","protected":false},"author":4,"featured_media":0,"comment_status":"open","ping_status":"open","sticky":false,"template":"","format":"standard","meta":{"footnotes":""},"categories":[69],"tags":[],"class_list":["post-12407","post","type-post","status-publish","format-standard","","category-locales"],"_links":{"self":[{"href":"https:\/\/elportaldorrego.com\/index.php?rest_route=\/wp\/v2\/posts\/12407"}],"collection":[{"href":"https:\/\/elportaldorrego.com\/index.php?rest_route=\/wp\/v2\/posts"}],"about":[{"href":"https:\/\/elportaldorrego.com\/index.php?rest_route=\/wp\/v2\/types\/post"}],"author":[{"embeddable":true,"href":"https:\/\/elportaldorrego.com\/index.php?rest_route=\/wp\/v2\/users\/4"}],"replies":[{"embeddable":true,"href":"https:\/\/elportaldorrego.com\/index.php?rest_route=%2Fwp%2Fv2%2Fcomments&post=12407"}],"version-history":[{"count":1,"href":"https:\/\/elportaldorrego.com\/index.php?rest_route=\/wp\/v2\/posts\/12407\/revisions"}],"predecessor-version":[{"id":12409,"href":"https:\/\/elportaldorrego.com\/index.php?rest_route=\/wp\/v2\/posts\/12407\/revisions\/12409"}],"wp:attachment":[{"href":"https:\/\/elportaldorrego.com\/index.php?rest_route=%2Fwp%2Fv2%2Fmedia&parent=12407"}],"wp:term":[{"taxonomy":"category","embeddable":true,"href":"https:\/\/elportaldorrego.com\/index.php?rest_route=%2Fwp%2Fv2%2Fcategories&post=12407"},{"taxonomy":"post_tag","embeddable":true,"href":"https:\/\/elportaldorrego.com\/index.php?rest_route=%2Fwp%2Fv2%2Ftags&post=12407"}],"curies":[{"name":"wp","href":"https:\/\/api.w.org\/{rel}","templated":true}]}}