{"id":12454,"date":"2024-03-24T01:12:49","date_gmt":"2024-03-24T01:12:49","guid":{"rendered":"https:\/\/elportaldorrego.com\/?p=12454"},"modified":"2024-03-24T13:34:49","modified_gmt":"2024-03-24T13:34:49","slug":"comenzo-el-futbol-menor-e-infantil","status":"publish","type":"post","link":"https:\/\/elportaldorrego.com\/?p=12454","title":{"rendered":"Comenz\u00f3 el f\u00fatbol menor e infantil"},"content":{"rendered":"\n<p>Se jug\u00f3 la primera fecha del torneo de f\u00fatbol menor e infantil que organiza la Liga de f\u00fatbol de C.Dorrego <\/p>\n\n\n\n<p><strong>Menores<\/strong> <\/p>\n\n\n\n<figure class=\"wp-block-image size-large is-resized\"><img loading=\"lazy\" decoding=\"async\" src=\"http:\/\/elportaldorrego.com\/wp-content\/uploads\/2024\/03\/IMG-20240323-WA0009-1024x1024.jpg\" alt=\"\" class=\"wp-image-12458\" width=\"371\" height=\"371\" \/><\/figure>\n\n\n\n<figure class=\"wp-block-table\"><table><tbody><tr><td><strong>Sub 13<\/strong><\/td><\/tr><tr><td><strong>Independiente : ( 2 ) : <\/strong>Galo Arguello  &#8212; Maximo Echeto <br><strong>Ferroviario : ( 0 )<\/strong><br><strong>Expulsado<\/strong> : Lucas Boggon ( I )<\/td><\/tr><tr><td><strong>A.M.Hermoso : ( 0 ) <\/strong><br><strong>Suteryh : ( 5 ) :<\/strong>  Jenaro Ramil ( 2 ) &#8212; Tadeo Marini &#8211; Dylan Gini &#8211; Rom\u00e1n Dobrinsky<\/td><\/tr><tr><td><strong>Villa Rosa  : ( 3 ) : <\/strong> Tiziano De Marco ( 2 ) &#8211; Ignacio Banegas <br><strong>U.Santamarina : ( 1 ) <\/strong> : Sebastian Romero <\/td><\/tr><tr><td><strong>San Mart\u00edn  vs Porte\u00f1o <\/strong><br>Gan\u00f3 los puntos Porte\u00f1o ya que San Mart\u00edn primeramente no presentar\u00eda esta divisi\u00f3n,  pero si lo har\u00e1 desde la segunda fecha <\/td><\/tr><tr><td><strong>Libre<\/strong> : Progreso <\/td><\/tr><\/tbody><\/table><\/figure>\n\n\n\n<figure class=\"wp-block-image size-large\"><img decoding=\"async\" src=\"http:\/\/elportaldorrego.com\/wp-content\/uploads\/2024\/03\/IMG-20240323-WA0026-1024x1024.jpg\" alt=\"\" class=\"wp-image-12472\" \/><\/figure>\n\n\n\n<figure class=\"wp-block-image size-large\"><img decoding=\"async\" src=\"http:\/\/elportaldorrego.com\/wp-content\/uploads\/2024\/03\/IMG-20240323-WA0007-1024x1024.jpg\" alt=\"\" class=\"wp-image-12456\" \/><\/figure>\n\n\n\n<figure class=\"wp-block-table\"><table><tbody><tr><td><strong>Sub 15<\/strong><\/td><\/tr><tr><td><strong>Independiente : ( 6 ) :&nbsp;<\/strong>Tomas Matti ( 2 ) &#8211; Valentino Onorato  ( 2 ) &#8211; Bautista Mansilla &#8211; Teofilo Torres <br><strong>Ferroviario : ( 3 )<\/strong> : Kevin Pallero &#8211; Bautista Fernandez &#8211; Benjamin Ramos<br><strong>Expulsados<\/strong>&nbsp;: Guillermo Pili ( I ) &#8211; Ramiro Amuchastegui ( F ) <\/td><\/tr><tr><td><strong>A.M.Hermoso : ( 1 )<\/strong> : Tomas Crededio<br><strong>Suteryh : ( 0 ) <\/strong><br><strong>Expulsado<\/strong> : Tomas Crededio <\/td><\/tr><tr><td><strong>Villa Rosa : ( 2 ) :&nbsp;<\/strong>Ciro Cansina &#8211; Thiago Rosemberg <br><strong>U.Santamarina : ( 1 )&nbsp;<\/strong>: Tomas Sollano <\/td><\/tr><tr><td><strong>San Mart\u00edn <\/strong>no jug\u00f3 ya que Porte\u00f1o no presenta esta divisi\u00f3n <\/td><\/tr><tr><td>Progreso no participa en esta categor\u00eda <\/td><\/tr><\/tbody><\/table><\/figure>\n\n\n\n<figure class=\"wp-block-image size-large\"><img decoding=\"async\" src=\"http:\/\/elportaldorrego.com\/wp-content\/uploads\/2024\/03\/IMG-20240323-WA0016-1024x1024.jpg\" alt=\"\" class=\"wp-image-12462\" \/><\/figure>\n\n\n\n<figure class=\"wp-block-image size-large\"><img decoding=\"async\" src=\"http:\/\/elportaldorrego.com\/wp-content\/uploads\/2024\/03\/IMG-20240323-WA0008-1024x1024.jpg\" alt=\"\" class=\"wp-image-12457\" \/><\/figure>\n\n\n\n<figure class=\"wp-block-table\"><table><tbody><tr><td><strong>Sub 17<\/strong><\/td><\/tr><tr><td><strong>Independiente : ( 2 ) : <\/strong>Agustin Biragnet &#8211; Benjamin Iriarte <br><strong>Ferroviario : ( 0 )<\/strong>&nbsp;<br><strong>Expulsado<\/strong>&nbsp;: Juan C. Llinares ( F )<\/td><\/tr><tr><td><strong>A.M.Hermoso : ( 2 )<\/strong>&nbsp;: Tomas Riquelme &#8211; Tomas Palmero <br><strong>Suteryh : ( 3 )<\/strong> : Tomas Coronel ( 2 ) ( 1 de penal ) &#8211; Luciano Roht<br><strong>Expulsados<\/strong>&nbsp;: Tomas Coronel ( S ) &#8211; Benicio Velazquez ( A.M.H. )<\/td><\/tr><tr><td><strong>Villa Rosa : ( 0 ) <\/strong><br><strong>U.Santamarina : ( 2 )&nbsp;<\/strong>: Geronimo Uslenghi &#8211; Thomas Orellano <\/td><\/tr><tr><td><strong>San Mart\u00edn&nbsp;<\/strong>no jug\u00f3 ya que Porte\u00f1o no presenta esta divisi\u00f3n<\/td><\/tr><tr><td>Libre : Progreso <\/td><\/tr><\/tbody><\/table><\/figure>\n\n\n\n<figure class=\"wp-block-image size-large is-resized\"><img loading=\"lazy\" decoding=\"async\" src=\"http:\/\/elportaldorrego.com\/wp-content\/uploads\/2024\/03\/IMG-20240323-WA0015-1024x1024.jpg\" alt=\"\" class=\"wp-image-12463\" width=\"367\" height=\"367\" \/><\/figure>\n\n\n\n<p><strong>Infantiles<\/strong> <\/p>\n\n\n\n<figure class=\"wp-block-image size-large\"><img decoding=\"async\" src=\"http:\/\/elportaldorrego.com\/wp-content\/uploads\/2024\/03\/IMG-20240323-WA0011-1024x1024.jpg\" alt=\"\" class=\"wp-image-12460\" \/><\/figure>\n\n\n\n<figure class=\"wp-block-table\"><table><tbody><tr><td><strong>Sub 11<\/strong><\/td><\/tr><tr><td><strong>Independiente :<\/strong> <strong>( 7 ) <\/strong>: Bautista Ballerter ( 2 ) &#8211; Tiziano Moyano ( 2 ) &#8211; Geronimo Rodriguez  &#8211; Lautaro Zarzoso- Francisco Merino <br><strong>Ferroviario : ( 2 )<\/strong>&nbsp;: Joaquin Michelena &#8211; Sebastian Maneiro <\/td><\/tr><tr><td><strong>A.M.Hermoso : ( 2 )<\/strong>&nbsp;: Mateo Olivera  &#8211; Benjamin Banegas <br><strong>Suteryh : ( 0 )<\/strong><br>Este partido no se completaron los minutos reglamentarios , fue suspendido por el \u00e1rbitro <\/td><\/tr><tr><td><strong>Villa Rosa : ( 3 ) :&nbsp;<\/strong>Bautista Weber ( 2 ) &#8211; Carlos Roldan<br><strong>U.Santamarina : ( 0 )&nbsp;<\/strong><\/td><\/tr><tr><td><strong>San Mart\u00edn&nbsp;: ( 4 ) : <\/strong>Roman Nomdedeu ( 2 ) &#8211; Santino Michelena  &#8211; Rafael  Saenz <br><strong>Porte\u00f1o : ( 1 ) : <\/strong>Thiago Rojas <\/td><\/tr><tr><td>Libre : Progreso <\/td><\/tr><\/tbody><\/table><\/figure>\n\n\n\n<figure class=\"wp-block-table\"><table><tbody><tr><td><strong>Posiciones sub 11<\/strong><\/td><\/tr><tr><td>Independiente  3 Pts <br>San Mart\u00edn  3 Pts<br>Villa Rosa  3 Pts<br>A.M.Hermoso  3 Pts.<br>Suteryh  0 Pt.<br>U.Santamarina  0 Pt.<br>Porte\u00f1o 0 Pt.<br>Ferroviario 0 Pt.<br>Progreso 0 Pt.<\/td><\/tr><\/tbody><\/table><\/figure>\n\n\n\n<figure class=\"wp-block-image size-large\"><img decoding=\"async\" src=\"http:\/\/elportaldorrego.com\/wp-content\/uploads\/2024\/03\/IMG-20240323-WA0010-1024x1024.jpg\" alt=\"\" class=\"wp-image-12459\" \/><\/figure>\n\n\n\n<figure class=\"wp-block-table\"><table><tbody><tr><td><strong>Sub 10<\/strong><\/td><\/tr><tr><td><strong>Independiente :<\/strong>&nbsp;<strong>( 3 )&nbsp;<\/strong>: Pedro Poggio ( 2 ) &#8211; Bautista Bilbao <br><strong>Ferroviario : ( 0 )<\/strong>&nbsp;<\/td><\/tr><tr><td><strong>A.M.Hermoso : ( 9 )<\/strong>&nbsp;: Ramon Arranz ( 3 ) &#8211; Santino Pintos ( 2 ) &#8211; Santiago Hurst ( 2 ) &#8211; Tadeo Vera &#8211; Augusto Abraham <br><strong>Suteryh : ( 1 )<\/strong> : Thiago Ojeda <\/td><\/tr><tr><td><strong>Villa Rosa : ( 3 ) :&nbsp;<\/strong>Benicio Palacio ( 2 ) &#8211; Jonathan Banegas <br><strong>U.Santamarina : ( 1 )&nbsp;<\/strong>: Antonio Uslenghi <\/td><\/tr><tr><td><strong>San Mart\u00edn&nbsp;: ( 1 ) :&nbsp;<\/strong>Mateo Lopez <br><strong>Porte\u00f1o : ( 2 ) :&nbsp;<\/strong>Benicio Franco  &#8211; Thiago Izquierdo <\/td><\/tr><tr><td>Progreso no presenta esta divisi\u00f3n <\/td><\/tr><\/tbody><\/table><\/figure>\n\n\n\n<figure class=\"wp-block-table\"><table><tbody><tr><td><strong>Posiciones sub 10<\/strong><\/td><\/tr><tr><td>A.M.Hermoso 3 Pts.<br>Independiente 3 Pts<br>Villa Rosa 3 Pts<br>Porte\u00f1o  3 Pts<br>San Mart\u00edn  0 Pts.<br>U.Santamarina 0 Pt.<br>Ferroviario 0 Pt.<br>Suteryh 0 Pt.<\/td><\/tr><\/tbody><\/table><\/figure>\n\n\n\n<figure class=\"wp-block-image size-large\"><img decoding=\"async\" src=\"http:\/\/elportaldorrego.com\/wp-content\/uploads\/2024\/03\/IMG-20240323-WA0006-1024x1024.jpg\" alt=\"\" class=\"wp-image-12455\" \/><\/figure>\n\n\n\n<figure class=\"wp-block-table\"><table><tbody><tr><td><strong>Sub 9<\/strong><\/td><\/tr><tr><td><strong>Independiente :<\/strong>&nbsp;<strong>( 7 )&nbsp;<\/strong>: Lautaro Lindner ( 4 ) &#8211; Vicente Lastre &#8211; Lorenzo Hoffman  &#8211; Manuel Buffarini <br><strong>Ferroviario : ( 0 )<\/strong>&nbsp;<\/td><\/tr><tr><td><strong>A.M.Hermoso : ( 1 ) : <\/strong>Alfonso Bustamante <br><strong>Suteryh : ( 1 )<\/strong>&nbsp;: Ciro Araujo <\/td><\/tr><tr><td><strong>Villa Rosa : ( 0 ) <\/strong><br><strong>U.Santamarina : ( 1 )&nbsp;<\/strong>: Gustavo Cortez <\/td><\/tr><tr><td><strong>San Mart\u00edn&nbsp;: ( 0 ) <\/strong><br><strong>Porte\u00f1o : ( 1 ) :&nbsp;<\/strong>Luano Cardozo <\/td><\/tr><tr><td>Libre : Progreso <\/td><\/tr><\/tbody><\/table><\/figure>\n\n\n\n<figure class=\"wp-block-table\"><table><tbody><tr><td><strong>Posiciones sub 9<\/strong><\/td><\/tr><tr><td>Independiente 3 Pts<br>U.Santamarina 3 Pts.<br>Porte\u00f1o 3 Pts<br>A.M.Hermoso 1 Pt<br>Suteryh 1 Pt.<br>San Mart\u00edn 0 Pt.<br>Villa Rosa 0 Pt<br>Ferroviario 0 Pt.<br>Progreso  0 Pt.<\/td><\/tr><\/tbody><\/table><\/figure>\n\n\n\n<figure class=\"wp-block-image size-large\"><img decoding=\"async\" src=\"http:\/\/elportaldorrego.com\/wp-content\/uploads\/2024\/03\/IMG-20240323-WA0013-1024x1024.jpg\" alt=\"\" class=\"wp-image-12461\" \/><\/figure>\n\n\n\n<figure class=\"wp-block-table\"><table><tbody><tr><td><strong>Sub 8<\/strong><\/td><\/tr><tr><td><strong>Independiente :<\/strong>&nbsp;<strong>( 4 )&nbsp;<\/strong>: Ignacio Cristensen ( 2 ) &#8211; Felipe Fuertes- Mateo Fernandez <br><strong>Ferroviario : ( 7 )<\/strong>&nbsp; : Ciro Cossu  ( 3 ) &#8211; Matheo Murgolo ( 3 ) &#8211; Teo Lombardelli <\/td><\/tr><tr><td><strong> :A.Monte Hermoso  : ( 5 ) : <\/strong>Valentino Gomez  ( 3 ) -.Emil Molina &#8211; Simon Garcia <br><strong>Suteryh : ( 3 )<\/strong>&nbsp;:  Ciro Lizarrondo  &#8211; Uriel Colantonio  &#8211; Tahiel Bravo <\/td><\/tr><tr><td><strong>Villa Rosa : ( 6 )<\/strong> : Ignacio  Acu\u00f1a ( 3 ) &#8211; I\u00f1aqui Albizu  &#8211; Milo Palacio  &#8211; Aron Quiroga Garcia <br><strong>U.Santamarina : ( 0 )&nbsp;<\/strong><\/td><\/tr><tr><td><strong>San Mart\u00edn&nbsp;: ( 6 )<\/strong> : Lucas Martinez ( 3 ) &#8211; Alvaro Millan ( 3 ) <br><strong>Porte\u00f1o : ( 0 ) <\/strong><\/td><\/tr><tr><td>Libre : Progreso<\/td><\/tr><\/tbody><\/table><\/figure>\n\n\n\n<figure class=\"wp-block-table\"><table><tbody><tr><td><strong>Posiciones sub 8<\/strong><\/td><\/tr><tr><td>San Mart\u00edn 3 Pts.<br>Villa Rosa 3 Pts.<br>Ferroviario 3 Pts.<br>A.M.Hermoso 3 Pts.<br>Suteryh 0 Pt.<br>Independiente 0 Pt<br>U.Santamarina 0 Pt.<br>Porte\u00f1o 0 Pt.<br>Progreso 0 Pt.<\/td><\/tr><\/tbody><\/table><\/figure>\n\n\n\n<figure class=\"wp-block-image size-large\"><img decoding=\"async\" src=\"http:\/\/elportaldorrego.com\/wp-content\/uploads\/2024\/03\/IMG-20240323-WA0017-1024x1024.jpg\" alt=\"\" class=\"wp-image-12470\" \/><\/figure>\n","protected":false},"excerpt":{"rendered":"<p>Se jug\u00f3 la primera fecha del torneo de f\u00fatbol menor e infantil que organiza la Liga de f\u00fatbol de C.Dorrego Menores Sub 13Independiente : ( 2 ) : Galo Arguello &#8212; Maximo Echeto Ferroviario : ( 0 )Expulsado : Lucas Boggon ( I )A.M.Hermoso : ( 0 ) Suteryh : ( 5 ) : Jenaro &hellip;<\/p>\n","protected":false},"author":4,"featured_media":0,"comment_status":"open","ping_status":"open","sticky":false,"template":"","format":"standard","meta":{"footnotes":""},"categories":[73],"tags":[],"class_list":["post-12454","post","type-post","status-publish","format-standard","","category-deportes"],"_links":{"self":[{"href":"https:\/\/elportaldorrego.com\/index.php?rest_route=\/wp\/v2\/posts\/12454"}],"collection":[{"href":"https:\/\/elportaldorrego.com\/index.php?rest_route=\/wp\/v2\/posts"}],"about":[{"href":"https:\/\/elportaldorrego.com\/index.php?rest_route=\/wp\/v2\/types\/post"}],"author":[{"embeddable":true,"href":"https:\/\/elportaldorrego.com\/index.php?rest_route=\/wp\/v2\/users\/4"}],"replies":[{"embeddable":true,"href":"https:\/\/elportaldorrego.com\/index.php?rest_route=%2Fwp%2Fv2%2Fcomments&post=12454"}],"version-history":[{"count":8,"href":"https:\/\/elportaldorrego.com\/index.php?rest_route=\/wp\/v2\/posts\/12454\/revisions"}],"predecessor-version":[{"id":12475,"href":"https:\/\/elportaldorrego.com\/index.php?rest_route=\/wp\/v2\/posts\/12454\/revisions\/12475"}],"wp:attachment":[{"href":"https:\/\/elportaldorrego.com\/index.php?rest_route=%2Fwp%2Fv2%2Fmedia&parent=12454"}],"wp:term":[{"taxonomy":"category","embeddable":true,"href":"https:\/\/elportaldorrego.com\/index.php?rest_route=%2Fwp%2Fv2%2Fcategories&post=12454"},{"taxonomy":"post_tag","embeddable":true,"href":"https:\/\/elportaldorrego.com\/index.php?rest_route=%2Fwp%2Fv2%2Ftags&post=12454"}],"curies":[{"name":"wp","href":"https:\/\/api.w.org\/{rel}","templated":true}]}}