{"id":12753,"date":"2024-04-19T13:09:03","date_gmt":"2024-04-19T13:09:03","guid":{"rendered":"https:\/\/elportaldorrego.com\/?p=12753"},"modified":"2024-04-19T13:12:26","modified_gmt":"2024-04-19T13:12:26","slug":"123-anos-de-el-perdido-un-emotivo-acto-se-desarrollo-en-la-manana-de-este-jueves","status":"publish","type":"post","link":"https:\/\/elportaldorrego.com\/?p=12753","title":{"rendered":"123 a\u00f1os de El Perdido. Un emotivo acto se desarroll\u00f3 en la ma\u00f1ana de este jueves"},"content":{"rendered":"\n<p><\/p>\n\n\n\n<p>&nbsp;&nbsp;&nbsp;&nbsp;&nbsp;&nbsp;&nbsp;&nbsp;&nbsp;&nbsp;&nbsp; El sol se asoci\u00f3 con toda su plenitud durante  la ma\u00f1ana de este jueves a los festejos por el aniversario de El Perdido; el Acto Central se desarroll\u00f3 frente a la Plaza Central, para ello las autoridades poblaron la vereda del siempre atractivo edificio de la Delegaci\u00f3n Municipal.<\/p>\n\n\n\n<p>&nbsp;&nbsp;&nbsp;&nbsp;&nbsp;&nbsp;&nbsp;&nbsp;&nbsp;&nbsp;&nbsp; El intendente Juan Chalde presidi\u00f3 la celebraci\u00f3n y dirigi\u00f3 un mensaje muy esperanzador donde subray\u00f3 los logros que juntos se han podido concretar y los que, asegur\u00f3, se van a concretar. Tambi\u00e9n destac\u00f3 que es saludable ver el compromiso de los vecinos, citando por ejemplo que integrantes de la comunidad educativa de la Escuela N\u00ba4 se juntaron para pintar el establecimiento antes del inicio de las clases y adem\u00e1s expres\u00f3 su benepl\u00e1cito por la conformaci\u00f3n del grupo de Amigos de la Salita, en relaci\u00f3n a la Sala de Primeros Auxilios doctor Pedro Testani.<\/p>\n\n\n\n<p>\u00a0\u00a0\u00a0\u00a0\u00a0\u00a0\u00a0\u00a0\u00a0\u00a0\u00a0 Juan Chalde que si bien existen distintas formas de ver la realidad y las posibles soluciones a los problemas, es importante encontrar las coincidencias para que entre todos se vayan sorteando las distintas contingencias. Destac\u00f3 que es relevante el compromiso de todos.<\/p>\n\n\n\n<figure class=\"wp-block-image size-full is-resized\"><img loading=\"lazy\" decoding=\"async\" src=\"http:\/\/elportaldorrego.com\/wp-content\/uploads\/2024\/04\/1-12.jpg\" alt=\"\" class=\"wp-image-12758\" width=\"365\" height=\"350\" \/><\/figure>\n\n\n\n<p>&nbsp;&nbsp;&nbsp;&nbsp;&nbsp;&nbsp;&nbsp;&nbsp;&nbsp;&nbsp;&nbsp; Por su parte el Delegado Municipal, Alejandro D\u00b4Annunzio en su discurso dijo: \u00abUn 18 de abril de 1901 nos crearon como pueblo, con la firmeza que sabr\u00edamos sortear todos los obst\u00e1culos que se nos presentaran, es por ello que tenemos la extraordinaria responsabilidad de llevar adelante esta magn\u00edfica localidad\u00bb. Luego expres\u00f3: \u00abEl d\u00eda a d\u00eda, vernos la cara, la sonrisa contagiosa con el &nbsp;&#8211; buen d\u00eda, c\u00f3mo and\u00e1s? -, la palabra empe\u00f1ada; eso nos hace fuertes como comunidad. D\u00f3nde se puede estar mejor que aqu\u00ed?, si \u00e9ste es nuestro lugar en el Mundo. \u00abEste lugar, lo hacemos entre todos, vecinos, instituciones intermedias, fuerzas de seguridad, municipio\u00bb enfatiz\u00f3.<\/p>\n\n\n\n<p>&nbsp;&nbsp;&nbsp;&nbsp;&nbsp;&nbsp;&nbsp;&nbsp;&nbsp;&nbsp;&nbsp; Posteriormente D\u00b4Annunzio realiz\u00f3 una s\u00edntesis del accionar del municipio, destacando los trabajos realizados en todas las \u00e1reas. En el \u00faltimo tramo de su discurso, sin ocultar su emoci\u00f3n, el delegado comunal dijo que \u00abvivir en lugares como El Perdido y celebrar un nuevo aniversario emociona y mucho; para aquellos que son hijos de su suelo o para aquellos que somos hijos por adopci\u00f3n; pero tengan la plena certeza de que todos, desde un lugar diferente, sabemos que en este querido suelo, lo mejor est\u00e1 por venir\u00bb. Concluy\u00f3.<\/p>\n\n\n\n<figure class=\"wp-block-image size-full\"><img decoding=\"async\" src=\"http:\/\/elportaldorrego.com\/wp-content\/uploads\/2024\/04\/2-7.jpg\" alt=\"\" class=\"wp-image-12754\" \/><\/figure>\n\n\n\n<p>&nbsp;&nbsp;&nbsp;&nbsp;&nbsp;&nbsp;&nbsp;&nbsp;&nbsp;&nbsp;&nbsp; Para terminar el Acto, integrantes de la Asistencia Municipal de Danzas Folcl\u00f3ricas hicieron una presentaci\u00f3n. Las Banderas de las instituciones presentes y los alumnos de la Escuela N\u00ba4, hicieron su paso frente a la Delegaci\u00f3n Municipal con los aplausos de los presentes saludando. &nbsp;As\u00ed, se dio por finalizada la conmemoraci\u00f3n, en la luminosa ma\u00f1ana de El Perdido, a 123 a\u00f1os de su creaci\u00f3n.<\/p>\n\n\n\n<p>Info y fotos: Prensa Municipalidad de C.Dorrego <\/p>\n","protected":false},"excerpt":{"rendered":"<p>&nbsp;&nbsp;&nbsp;&nbsp;&nbsp;&nbsp;&nbsp;&nbsp;&nbsp;&nbsp;&nbsp; El sol se asoci\u00f3 con toda su plenitud durante la ma\u00f1ana de este jueves a los festejos por el aniversario de El Perdido; el Acto Central se desarroll\u00f3 frente a la Plaza Central, para ello las autoridades poblaron la vereda del siempre atractivo edificio de la Delegaci\u00f3n Municipal. &nbsp;&nbsp;&nbsp;&nbsp;&nbsp;&nbsp;&nbsp;&nbsp;&nbsp;&nbsp;&nbsp; El intendente Juan Chalde presidi\u00f3 &hellip;<\/p>\n","protected":false},"author":4,"featured_media":0,"comment_status":"open","ping_status":"open","sticky":false,"template":"","format":"standard","meta":{"footnotes":""},"categories":[69],"tags":[],"class_list":["post-12753","post","type-post","status-publish","format-standard","","category-locales"],"_links":{"self":[{"href":"https:\/\/elportaldorrego.com\/index.php?rest_route=\/wp\/v2\/posts\/12753"}],"collection":[{"href":"https:\/\/elportaldorrego.com\/index.php?rest_route=\/wp\/v2\/posts"}],"about":[{"href":"https:\/\/elportaldorrego.com\/index.php?rest_route=\/wp\/v2\/types\/post"}],"author":[{"embeddable":true,"href":"https:\/\/elportaldorrego.com\/index.php?rest_route=\/wp\/v2\/users\/4"}],"replies":[{"embeddable":true,"href":"https:\/\/elportaldorrego.com\/index.php?rest_route=%2Fwp%2Fv2%2Fcomments&post=12753"}],"version-history":[{"count":2,"href":"https:\/\/elportaldorrego.com\/index.php?rest_route=\/wp\/v2\/posts\/12753\/revisions"}],"predecessor-version":[{"id":12760,"href":"https:\/\/elportaldorrego.com\/index.php?rest_route=\/wp\/v2\/posts\/12753\/revisions\/12760"}],"wp:attachment":[{"href":"https:\/\/elportaldorrego.com\/index.php?rest_route=%2Fwp%2Fv2%2Fmedia&parent=12753"}],"wp:term":[{"taxonomy":"category","embeddable":true,"href":"https:\/\/elportaldorrego.com\/index.php?rest_route=%2Fwp%2Fv2%2Fcategories&post=12753"},{"taxonomy":"post_tag","embeddable":true,"href":"https:\/\/elportaldorrego.com\/index.php?rest_route=%2Fwp%2Fv2%2Ftags&post=12753"}],"curies":[{"name":"wp","href":"https:\/\/api.w.org\/{rel}","templated":true}]}}