{"id":12762,"date":"2024-04-21T00:13:52","date_gmt":"2024-04-21T00:13:52","guid":{"rendered":"https:\/\/elportaldorrego.com\/?p=12762"},"modified":"2024-04-22T02:50:20","modified_gmt":"2024-04-22T02:50:20","slug":"se-jugo-la-fecha-4-en-el-futbol-menor-e-infantil","status":"publish","type":"post","link":"https:\/\/elportaldorrego.com\/?p=12762","title":{"rendered":"Se jug\u00f3 la fecha 4 en el f\u00fatbol menor e infantil"},"content":{"rendered":"\n<p>Se jug\u00f3  la cuarta  fecha del torneo de f\u00fatbol menor e infantil que organiza la Liga de f\u00fatbol de C.Dorrego<\/p>\n\n\n\n<p><strong>Resultado<\/strong>&nbsp;<strong>Menores<\/strong><\/p>\n\n\n\n<figure class=\"wp-block-image size-large\"><img decoding=\"async\" src=\"http:\/\/elportaldorrego.com\/wp-content\/uploads\/2024\/04\/IMG-20240420-WA0024-1024x1024.jpg\" alt=\"\" class=\"wp-image-12773\" \/><\/figure>\n\n\n\n<p><strong>SUB 13 <\/strong><\/p>\n\n\n\n<figure class=\"wp-block-table\"><table><tbody><tr><td><strong>Suteryh : ( 4 ) : <\/strong>Thiago Velazquez ( 2 ) &#8212; <br>Santino Ramil &#8212; Romas Dobrinsky <br><strong>U.Santamarina : ( 0 ) <\/strong><\/td><\/tr><tr><td><\/td><\/tr><tr><td><strong>A.M.Hermoso : ( 0 ) <\/strong><br><strong>Ferroviario : ( 4  ) : <\/strong>Joaquin Isla &#8212; Mateo Menna &#8212; Benjamin Carrera &#8212; Leo Crisci<br><br><strong>Expulsados : <\/strong>Renato Gentili ( A.M.H. ) &#8211; Facundo Ponce  ( F )<\/td><\/tr><tr><td><\/td><\/tr><tr><td><strong>Independiente  : ( 0 )<br>Villa Rosa  :  ( 1 ) <\/strong>: Ignacio Banegas <\/td><\/tr><tr><td><\/td><\/tr><tr><td><strong>Porte\u00f1o : ( 2 ) : <\/strong>Thiago Gonzalez  &#8212; Samuel Lencina<br><strong>Progreso : ( 1 ) :<\/strong> Julian Plattner <\/td><\/tr><tr><td><\/td><\/tr><\/tbody><\/table><\/figure>\n\n\n\n<figure class=\"wp-block-image size-large\"><img decoding=\"async\" src=\"http:\/\/elportaldorrego.com\/wp-content\/uploads\/2024\/04\/IMG-20240420-WA0027-1024x1024.jpg\" alt=\"\" class=\"wp-image-12779\" \/><\/figure>\n\n\n\n<p><strong>Goleadores<\/strong> <strong>Sub 13<\/strong><\/p>\n\n\n\n<figure class=\"wp-block-table\"><table><tbody><tr><td>Jugador <\/td><td>club<\/td><td>Goles<\/td><\/tr><tr><td>Maximi Echeto<br>Jenaro Ramil<br>Fermin Colares <br>Thiago Velazquez <\/td><td>Independiente <br>Suteryh<br>Independiente <br>Suteryh<\/td><td>    3<br>    3<br>    3<br>    3<\/td><\/tr><\/tbody><\/table><\/figure>\n\n\n\n<figure class=\"wp-block-image size-large\"><img decoding=\"async\" src=\"http:\/\/elportaldorrego.com\/wp-content\/uploads\/2024\/04\/IMG-20240420-WA0025-1024x1024.jpg\" alt=\"\" class=\"wp-image-12772\" \/><\/figure>\n\n\n\n<p><strong>SUB 15 <\/strong><\/p>\n\n\n\n<figure class=\"wp-block-table\"><table><tbody><tr><td><strong>Suteryh : ( 1 ) :&nbsp;<\/strong>Simon Corsanigo<br><strong>U.Santamarina : ( 2 )<\/strong> : Tomas  Sollano  &#8212; Fermin Bertone <\/td><\/tr><tr><td><\/td><\/tr><tr><td><strong>A.M.Hermoso : ( 3 )<\/strong> : Tomas Crededio  &#8212; Valentino Bertolissio  ( 2 ) <br><strong>Ferroviario : ( 3 ) :&nbsp;<\/strong>Benjamin Ramos ( 2 ) &#8212; Gabriel Sayago<\/td><\/tr><tr><td><\/td><\/tr><tr><td><strong>Independiente : ( 1 ) :  <\/strong>Tomas Matti <strong><br>Villa Rosa : ( 4 )&nbsp;<\/strong>: Thiago Rosemberg  &#8212; Joaquin Contreras  &#8212; Romas Cui\u00f1as  ( 2 )<br><br><strong>Expulsados : <\/strong>Joaquin Rodriguez  ( I ) &#8212; Thiago Ibarra ( V.R. )<\/td><\/tr><tr><td><\/td><\/tr><tr><td><strong>Porte\u00f1o vs Progreso <\/strong>No jugaron ya que ambos no presentan esta divisi\u00f3n <\/td><\/tr><\/tbody><\/table><\/figure>\n\n\n\n<figure class=\"wp-block-image size-large\"><img decoding=\"async\" src=\"http:\/\/elportaldorrego.com\/wp-content\/uploads\/2024\/04\/IMG-20240420-WA0028-1024x1024.jpg\" alt=\"\" class=\"wp-image-12780\" \/><\/figure>\n\n\n\n<p><strong>Goleadores sub 15<\/strong><\/p>\n\n\n\n<figure class=\"wp-block-table\"><table><tbody><tr><td>Jugador<\/td><td>Club<\/td><td>Goles<\/td><\/tr><tr><td>Tomas Matti <br>Valentino Bertolissio <br>Valentino Onorato <br>Benjam\u00edn Ramos<br>Thiago Rosemberg <\/td><td>Independiente <br>A.M.Hermoso<br>Independiente<br>Ferroviario <br>V.Rosa<\/td><td>    4<br>    4<br>    3<br>    3<br>    3<\/td><\/tr><\/tbody><\/table><\/figure>\n\n\n\n<figure class=\"wp-block-image size-large\"><img decoding=\"async\" src=\"http:\/\/elportaldorrego.com\/wp-content\/uploads\/2024\/04\/IMG-20240420-WA0026-1024x1024.jpg\" alt=\"\" class=\"wp-image-12774\" \/><\/figure>\n\n\n\n<p><strong>SUB 17 <\/strong><\/p>\n\n\n\n<figure class=\"wp-block-table\"><table><tbody><tr><td><strong>Suteryh : ( 1 ) :&nbsp;<\/strong>Mateo Padilla<br><strong>U.Santamarina : ( 2 )<\/strong> : Antu Orellano  &#8212; Thomas Orellano <\/td><\/tr><tr><td><\/td><\/tr><tr><td><strong>A.M.Hermoso : ( 1 )<\/strong> : Lucas Acosta<br><strong>Ferroviario : ( 3 ) :<\/strong> Sebastian Maidana ( 2 ) &#8212; Lucas Codagnone <br><br><strong>Expulsados :&nbsp;<\/strong>Fausto Gentili ( A.M.H. ) \u2013 Santiago  Larrosa ( F ) &#8212; Lucas Codagnone  ( F ) &#8212; Gianluca Brunoldi ( F ) <\/td><\/tr><tr><td><\/td><\/tr><tr><td><strong>Independiente : ( 0 )<br>Villa Rosa : ( 0 )&nbsp;<\/strong><br><br><strong>Expulsado : <\/strong> Mateo Palloti  ( I ) <\/td><\/tr><tr><td><\/td><\/tr><tr><td><strong>Porte\u00f1o vs Progreso <\/strong>No jugaron ya que Porte\u00f1o no presenta esta divisi\u00f3n<\/td><\/tr><\/tbody><\/table><\/figure>\n\n\n\n<figure class=\"wp-block-image size-large is-resized\"><img loading=\"lazy\" decoding=\"async\" src=\"http:\/\/elportaldorrego.com\/wp-content\/uploads\/2024\/04\/IMG-20240420-WA0029-1024x1024.jpg\" alt=\"\" class=\"wp-image-12781\" width=\"368\" height=\"368\" \/><\/figure>\n\n\n\n<p><strong>Goleadores sub 17<\/strong><\/p>\n\n\n\n<figure class=\"wp-block-table\"><table><tbody><tr><td>Jugador<\/td><td>Club<\/td><td>Goles<\/td><\/tr><tr><td>Benjam\u00edn Iriarte<br>Tomas Coronel <br>Thomas Orellano <br><\/td><td>Independiente <br>Suteryh <br>U.Santamarina <\/td><td>      3<br>      3<br>      3<\/td><\/tr><\/tbody><\/table><\/figure>\n\n\n\n<p><strong>Resultados Infantiles <\/strong><\/p>\n\n\n\n<figure class=\"wp-block-image size-large\"><img decoding=\"async\" src=\"http:\/\/elportaldorrego.com\/wp-content\/uploads\/2024\/04\/IMG-20240420-WA0023-1024x1024.jpg\" alt=\"\" class=\"wp-image-12771\" \/><\/figure>\n\n\n\n<p><strong>SUB 11<\/strong><\/p>\n\n\n\n<figure class=\"wp-block-table\"><table><tbody><tr><td><strong>Suteryh : ( 6 ) :&nbsp;<\/strong>Thiago Velazquez ( 2 ) \u2014Camilo Michelena  &#8212; Mateo Carrasco  &#8212; Baltazar Ciro &#8212; Ian Tejada <br><strong>U.Santamarina : ( 2 )<\/strong> : Santino Hernandorena  &#8212; Tiziano Menna <\/td><\/tr><tr><td><\/td><\/tr><tr><td><strong>A.M.Hermoso : ( 5 )<\/strong> : Benjamin Banegas ( 2 ) &#8212; Valentin Sanchez  &#8212; Thiago Olivera &#8211; Tomas Schulz<br><strong>Ferroviario : ( 1 ) :&nbsp;<\/strong>Benjamin Ibarra <\/td><\/tr><tr><td><\/td><\/tr><tr><td><strong>Independiente : ( 4 ) : <\/strong>Benjamin Bianchi ( 3 )  &#8212; Lautaro Zarzoso <strong><br>Villa Rosa : ( 1 )&nbsp;<\/strong>: Carlos Roldan <\/td><\/tr><tr><td><\/td><\/tr><tr><td><strong>Porte\u00f1o : ( 3 ) :&nbsp;<\/strong>Kevin Romero ( 2 ) &#8212; Le\u00f3n Percara <br><strong>Progreso : ( 0 ) <\/strong><\/td><\/tr><\/tbody><\/table><\/figure>\n\n\n\n<p><strong>Posiciones sub 11<\/strong><\/p>\n\n\n\n<figure class=\"wp-block-table\"><table><tbody><tr><td>Clubes<\/td><td>Pts.<\/td><\/tr><tr><td>Independiente <br>Porte\u00f1o<br>Suteryh<br>San Mart\u00edn <br>A.M.Hermoso <br>Progreso <br>V.Rosa <br>Ferroviario <br>U.Santamarina <\/td><td>9<br>9<br>7<br>6<br>6<br>4<br>3<br>0<br>0<\/td><\/tr><\/tbody><\/table><\/figure>\n\n\n\n<p><strong>Goleadores Sub 11<\/strong><\/p>\n\n\n\n<figure class=\"wp-block-table\"><table><tbody><tr><td>Jugador<\/td><td>Clubes<\/td><td>Goles<\/td><\/tr><tr><td>Thiago Velazquez <br>Kevin Romero <br>Tiziano Moyano <br>Lautaro Zarzoso <br>Benjam\u00edn Bianchi<\/td><td>Suteryh<br>Porte\u00f1o<br>Independiente <br>Independiente<br>Independiente <\/td><td>     6<br>     5<br>     4<br>      4<br>      4<\/td><\/tr><\/tbody><\/table><\/figure>\n\n\n\n<figure class=\"wp-block-image size-large is-resized\"><img loading=\"lazy\" decoding=\"async\" src=\"http:\/\/elportaldorrego.com\/wp-content\/uploads\/2024\/04\/IMG-20240420-WA0022-1024x1024.jpg\" alt=\"\" class=\"wp-image-12770\" width=\"368\" height=\"368\" \/><\/figure>\n\n\n\n<p><strong>SUB 10<\/strong><\/p>\n\n\n\n<figure class=\"wp-block-table\"><table><tbody><tr><td><strong>Suteryh : ( 10 ) :&nbsp;<\/strong>Camilo Michelena  ( 6 ) &#8212; Thiago Ojeda ( 2 )  &#8212; Mateo Carrasco  &#8212; Tiziano De Le\u00f3n  &#8212; <br><strong>U.Santamarina : ( 0 )<\/strong>&nbsp;<\/td><\/tr><tr><td><\/td><\/tr><tr><td><strong>A.M.Hermoso : ( 2 )<\/strong>&nbsp;: Tadeo Vera &#8212; Santino Pintos <br><strong>Ferroviario : ( 1 ) :<\/strong>&nbsp;Tomas Yezzi <\/td><\/tr><tr><td><\/td><\/tr><tr><td><strong>Independiente : ( 7 ) : <\/strong>Facundo Cui\u00f1as  ( 2 ) &#8212; Pedro Poggio  ( 2 ) &#8212; Bautista Bilbao  &#8212; Alejo Martinez  &#8212; Santino Luciano <strong><br>Villa Rosa : ( 1 )&nbsp;<\/strong>: Samuel Morel <\/td><\/tr><tr><td><\/td><\/tr><tr><td><strong>Porte\u00f1o vs Progreso&nbsp;<\/strong>No jugaron ya que Progreso  no presenta esta divisi\u00f3n<\/td><\/tr><\/tbody><\/table><\/figure>\n\n\n\n<p><strong>Posiciones sub 10<\/strong><\/p>\n\n\n\n<figure class=\"wp-block-table\"><table><tbody><tr><td>Clubes<\/td><td>Pts<\/td><\/tr><tr><td>A.M.Hermoso<br>Porte\u00f1o<br>Suteryh<br>Independiente <br>San Mart\u00edn <br>V.Rosa<br>Ferroviario <br>U.Santamarina <\/td><td>9<br>9<br>6<br>6<br>3<br>3<br>0<br>0<\/td><\/tr><\/tbody><\/table><\/figure>\n\n\n\n<p><strong>Goleadores sub 10<\/strong><\/p>\n\n\n\n<figure class=\"wp-block-table\"><table><tbody><tr><td>Jugador<\/td><td>Club<\/td><td>Goles<\/td><\/tr><tr><td>Camilo Michelena<br>Thiago Ojeda<br>Ramon Arranz <br>Pedro Poggio<\/td><td>Suteryh <br>Suteryh <br>A.M.Hermoso <br>Independiente <\/td><td>    7<br>    6<br>    5<br>    5<\/td><\/tr><\/tbody><\/table><\/figure>\n\n\n\n<figure class=\"wp-block-image size-large\"><img decoding=\"async\" src=\"http:\/\/elportaldorrego.com\/wp-content\/uploads\/2024\/04\/IMG-20240420-WA0021-1024x1024.jpg\" alt=\"\" class=\"wp-image-12769\" \/><\/figure>\n\n\n\n<p><strong>SUB 9<\/strong><\/p>\n\n\n\n<figure class=\"wp-block-table\"><table><tbody><tr><td><strong>Suteryh : ( 0 ) <\/strong><br><strong>U.Santamarina : ( 3 )<\/strong> : Gustavo Cortez  &#8212; Elian Weisheim &#8212; Thiago Quinzio<\/td><\/tr><tr><td><\/td><\/tr><tr><td><strong>A.M.Hermoso : ( 4 )<\/strong> : Lautaro Lizarrondo &#8212; Salvador Vallejos &#8212; Ciro Azua &#8212; un jugador de Ferroviario en contra <br><strong>Ferroviario : ( 1 ) :&nbsp;<\/strong>Facundo Filgueira Jure<\/td><\/tr><tr><td><\/td><\/tr><tr><td><strong>Independiente : ( 4 ) : <\/strong>Francisco Rodriguez  ( 2 ) &#8212; Manuel Buffarini  ( 2 ) <strong><br>Villa Rosa : ( 3 )&nbsp;<\/strong>: Igancio Acu\u00f1a ( 2 ) &#8212; Octavio Acu\u00f1a <\/td><\/tr><tr><td><\/td><\/tr><tr><td><strong>Porte\u00f1o : ( 6 ) :&nbsp;<\/strong>Ciro Ibarra ( 3 ) &#8212; Augusto Menna  ( 2 ) &#8212; Constantino Leiva <br><strong>Progreso : ( 2 ) :<\/strong>&nbsp;Thian Arana ( 2 )<\/td><\/tr><\/tbody><\/table><\/figure>\n\n\n\n<p><strong>Posiciones sub 9<\/strong><\/p>\n\n\n\n<figure class=\"wp-block-table\"><table><tbody><tr><td>Clubes <\/td><td>Pts<\/td><\/tr><tr><td>Porte\u00f1o<br>Independiente <br>U.Santamarina <br>Suteryh<br>A.M.Hermoso <br>V.Rosa<br>Progreso<br>San Mart\u00edn <br>Ferroviario <\/td><td>12<br>12<br> 7<br> 5<br> 4<br> 1<br> 1<br> 0<br> 0<\/td><\/tr><\/tbody><\/table><\/figure>\n\n\n\n<p><strong>Goleadores sub 9<\/strong><\/p>\n\n\n\n<figure class=\"wp-block-table\"><table><tbody><tr><td>Jugador<\/td><td>Club <\/td><td>Goles <\/td><\/tr><tr><td>Manuel Buffarini <br>Thian Arana<br>Augusto Menna <br>Luano Cardoso <br>Lautaro Lindner<\/td><td>Independiente <br>Progreso <br>Porte\u00f1o<br>Porte\u00f1o<br>Independiente <\/td><td>  6<br>  5<br>  4<br>  4<br>  4<\/td><\/tr><\/tbody><\/table><\/figure>\n\n\n\n<figure class=\"wp-block-image size-large\"><img decoding=\"async\" src=\"http:\/\/elportaldorrego.com\/wp-content\/uploads\/2024\/04\/IMG-20240420-WA0020-1024x1024.jpg\" alt=\"\" class=\"wp-image-12768\" \/><\/figure>\n\n\n\n<p><strong>SUB 8 <\/strong><\/p>\n\n\n\n<figure class=\"wp-block-table\"><table><tbody><tr><td><strong>Suteryh : ( 4 ) :&nbsp;<\/strong>Uriel Colantonio  ( 2 ) &#8212; Ciro Lizarrondo  &#8212; Lucio Benitez <br><strong>U.Santamarina : ( 1 )<\/strong> : Juan Pablo Van Waarde <\/td><\/tr><tr><td><\/td><\/tr><tr><td><strong>A.M.Hermoso : ( 8 )<\/strong> : Valentino Gomez  ( 6 ) &#8212; Aron Acosta &#8212; un jugador de Ferroviario en contra <br><strong>Ferroviario : ( 2 ) :\u00a0<\/strong> Matheo Murgolo &#8212; Tobias  Arista <\/td><\/tr><tr><td><\/td><\/tr><tr><td><strong>Independiente : ( 3 ) : <\/strong>Benjamin  Adorno  ( 2 ) &#8212; Gregorio Montero <strong><br>Villa Rosa : ( 3 )&nbsp;<\/strong>: I\u00f1aqui Albizu  &#8212; Axel  Bilbao  &#8212; Milo Palacio <\/td><\/tr><tr><td><\/td><\/tr><tr><td><strong>Porte\u00f1o : ( 2 ) :&nbsp;<\/strong>Salvador Farias &#8212; Patricio Gonzalez <br><strong>Progreso : ( 3 ) :<\/strong>&nbsp;Giovanni Morales ( 2 ) &#8212; Benjamin Millan<\/td><\/tr><\/tbody><\/table><\/figure>\n\n\n\n<p><strong>Posiciones sub 8<\/strong><\/p>\n\n\n\n<figure class=\"wp-block-table\"><table><tbody><tr><td>Clubes <\/td><td>Pts<\/td><\/tr><tr><td>A.M.Hermoso<br>Suteryh <br>V.Rosa <br>San Mart\u00edn <br>Progreso<br>Ferroviario <br>Independiente <br>U.Santamarina <br>Porte\u00f1o <\/td><td>12<br> 9<br> 7<br> 6<br> 4<br> 3<br> 1<br> 1<br> 0<\/td><\/tr><\/tbody><\/table><\/figure>\n\n\n\n<p><strong>Goleadores sub 8<\/strong><\/p>\n\n\n\n<figure class=\"wp-block-table\"><table><tbody><tr><td>Jugador<\/td><td>Club <\/td><td>Goles <\/td><\/tr><tr><td>Valentino Gomez<br>Uriel Colantonio <br>Benjam\u00edn Adorno<br>Alvaro Millan <br>Milo Palacio<br>Ignacio Acu\u00f1a <\/td><td>A.M.Hermoso<br>Suteryh <br>Independiente<br>San Mart\u00edn <br>V.Rosa <br>V.Rosa <\/td><td>16<br>  8<br>  6<br>  6<br>  5<br>  5<\/td><\/tr><\/tbody><\/table><\/figure>\n\n\n\n<figure class=\"wp-block-image size-large\"><img decoding=\"async\" src=\"http:\/\/elportaldorrego.com\/wp-content\/uploads\/2024\/04\/IMG-20240420-WA0030-1024x1024.jpg\" alt=\"\" class=\"wp-image-12784\" \/><\/figure>\n","protected":false},"excerpt":{"rendered":"<p>Se jug\u00f3 la cuarta fecha del torneo de f\u00fatbol menor e infantil que organiza la Liga de f\u00fatbol de C.Dorrego Resultado&nbsp;Menores SUB 13 Suteryh : ( 4 ) : Thiago Velazquez ( 2 ) &#8212; Santino Ramil &#8212; Romas Dobrinsky U.Santamarina : ( 0 ) A.M.Hermoso : ( 0 ) Ferroviario : ( 4 ) &hellip;<\/p>\n","protected":false},"author":4,"featured_media":0,"comment_status":"open","ping_status":"open","sticky":false,"template":"","format":"standard","meta":{"footnotes":""},"categories":[73],"tags":[],"class_list":["post-12762","post","type-post","status-publish","format-standard","","category-deportes"],"_links":{"self":[{"href":"https:\/\/elportaldorrego.com\/index.php?rest_route=\/wp\/v2\/posts\/12762"}],"collection":[{"href":"https:\/\/elportaldorrego.com\/index.php?rest_route=\/wp\/v2\/posts"}],"about":[{"href":"https:\/\/elportaldorrego.com\/index.php?rest_route=\/wp\/v2\/types\/post"}],"author":[{"embeddable":true,"href":"https:\/\/elportaldorrego.com\/index.php?rest_route=\/wp\/v2\/users\/4"}],"replies":[{"embeddable":true,"href":"https:\/\/elportaldorrego.com\/index.php?rest_route=%2Fwp%2Fv2%2Fcomments&post=12762"}],"version-history":[{"count":13,"href":"https:\/\/elportaldorrego.com\/index.php?rest_route=\/wp\/v2\/posts\/12762\/revisions"}],"predecessor-version":[{"id":12808,"href":"https:\/\/elportaldorrego.com\/index.php?rest_route=\/wp\/v2\/posts\/12762\/revisions\/12808"}],"wp:attachment":[{"href":"https:\/\/elportaldorrego.com\/index.php?rest_route=%2Fwp%2Fv2%2Fmedia&parent=12762"}],"wp:term":[{"taxonomy":"category","embeddable":true,"href":"https:\/\/elportaldorrego.com\/index.php?rest_route=%2Fwp%2Fv2%2Fcategories&post=12762"},{"taxonomy":"post_tag","embeddable":true,"href":"https:\/\/elportaldorrego.com\/index.php?rest_route=%2Fwp%2Fv2%2Ftags&post=12762"}],"curies":[{"name":"wp","href":"https:\/\/api.w.org\/{rel}","templated":true}]}}