{"id":13097,"date":"2024-05-14T15:07:08","date_gmt":"2024-05-14T15:07:08","guid":{"rendered":"https:\/\/elportaldorrego.com\/?p=13097"},"modified":"2024-05-14T15:07:12","modified_gmt":"2024-05-14T15:07:12","slug":"encuentro-de-guitarras-artistas-que-actuaran-en-las-dos-jornadas","status":"publish","type":"post","link":"https:\/\/elportaldorrego.com\/?p=13097","title":{"rendered":"Encuentro de Guitarras. Artistas que actuar\u00e1n en las dos jornadas"},"content":{"rendered":"\n<p>Cultura de la comuna inform\u00f3 el programa previsto para el 3er Encuentro de Guitarras Amaranto Alvarez que se desarrollar\u00e1 en el Centro Cultural viernes 31 de mayo y s\u00e1bado 1\u00ba de junio. Desde las 20 el viernes 31 se presentar\u00e1n, Teo Arribas y Dami\u00e1n Cazeneuve, en tanto el s\u00e1bado 1\u00ba de junio, tambi\u00e9n desde las 20, actuar\u00e1n Lilah Tr\u00edo y V\u00edctor Villadangos.<\/p>\n\n\n\n<p>Info e imagen  : Prensa municipalidad de C.Dorrego <\/p>\n\n\n\n<figure class=\"wp-block-image size-full\"><img decoding=\"async\" src=\"http:\/\/elportaldorrego.com\/wp-content\/uploads\/2024\/05\/Screenshot_20240514_120447_Outlook.jpg\" alt=\"\" class=\"wp-image-13098\" \/><\/figure>\n","protected":false},"excerpt":{"rendered":"<p>Cultura de la comuna inform\u00f3 el programa previsto para el 3er Encuentro de Guitarras Amaranto Alvarez que se desarrollar\u00e1 en el Centro Cultural viernes 31 de mayo y s\u00e1bado 1\u00ba de junio. Desde las 20 el viernes 31 se presentar\u00e1n, Teo Arribas y Dami\u00e1n Cazeneuve, en tanto el s\u00e1bado 1\u00ba de junio, tambi\u00e9n desde las &hellip;<\/p>\n","protected":false},"author":4,"featured_media":0,"comment_status":"open","ping_status":"open","sticky":false,"template":"","format":"standard","meta":{"footnotes":""},"categories":[69],"tags":[],"class_list":["post-13097","post","type-post","status-publish","format-standard","","category-locales"],"_links":{"self":[{"href":"https:\/\/elportaldorrego.com\/index.php?rest_route=\/wp\/v2\/posts\/13097"}],"collection":[{"href":"https:\/\/elportaldorrego.com\/index.php?rest_route=\/wp\/v2\/posts"}],"about":[{"href":"https:\/\/elportaldorrego.com\/index.php?rest_route=\/wp\/v2\/types\/post"}],"author":[{"embeddable":true,"href":"https:\/\/elportaldorrego.com\/index.php?rest_route=\/wp\/v2\/users\/4"}],"replies":[{"embeddable":true,"href":"https:\/\/elportaldorrego.com\/index.php?rest_route=%2Fwp%2Fv2%2Fcomments&post=13097"}],"version-history":[{"count":1,"href":"https:\/\/elportaldorrego.com\/index.php?rest_route=\/wp\/v2\/posts\/13097\/revisions"}],"predecessor-version":[{"id":13099,"href":"https:\/\/elportaldorrego.com\/index.php?rest_route=\/wp\/v2\/posts\/13097\/revisions\/13099"}],"wp:attachment":[{"href":"https:\/\/elportaldorrego.com\/index.php?rest_route=%2Fwp%2Fv2%2Fmedia&parent=13097"}],"wp:term":[{"taxonomy":"category","embeddable":true,"href":"https:\/\/elportaldorrego.com\/index.php?rest_route=%2Fwp%2Fv2%2Fcategories&post=13097"},{"taxonomy":"post_tag","embeddable":true,"href":"https:\/\/elportaldorrego.com\/index.php?rest_route=%2Fwp%2Fv2%2Ftags&post=13097"}],"curies":[{"name":"wp","href":"https:\/\/api.w.org\/{rel}","templated":true}]}}