{"id":13125,"date":"2024-05-16T14:51:34","date_gmt":"2024-05-16T14:51:34","guid":{"rendered":"https:\/\/elportaldorrego.com\/?p=13125"},"modified":"2024-05-16T14:53:56","modified_gmt":"2024-05-16T14:53:56","slug":"servicios-intensa-campana-por-el-dia-mundial-del-reciclaje","status":"publish","type":"post","link":"https:\/\/elportaldorrego.com\/?p=13125","title":{"rendered":"Servicios. Intensa campa\u00f1a por el D\u00eda Mundial del Reciclaje"},"content":{"rendered":"\n<p><\/p>\n\n\n\n<p>\u00a0\u00a0\u00a0\u00a0\u00a0\u00a0\u00a0\u00a0\u00a0\u00a0\u00a0 Christian Frandsen, director de Servicios de la comuna, junto al personal del \u00e1rea, est\u00e1 llevando a cabo una intensa campa\u00f1a de concientizaci\u00f3n y tambi\u00e9n de acciones concretas, a prop\u00f3sito del D\u00eda del Reciclaje, que se conmemora este viernes 17.<\/p>\n\n\n\n<p>\u00a0\u00a0\u00a0\u00a0\u00a0\u00a0\u00a0\u00a0\u00a0\u00a0\u00a0 D\u00edas pasados fueron cargados y despachados alrededor de 14 toneladas de neum\u00e1ticos fuera de uso (NFU); por otra parte este  mi\u00e9rcoles 15 fueron cargados en cami\u00f3n 15 toneladas de material reciclado por la cooperativa encargada de la Planta Plaseres.<\/p>\n\n\n\n<p>&nbsp;&nbsp;&nbsp;&nbsp;&nbsp;&nbsp;&nbsp;&nbsp;&nbsp;&nbsp;&nbsp; Frandsen inform\u00f3 adem\u00e1s que alumnos de establecimientos educativos visitan la Planta de Reciclado para interiorizarse acerca de c\u00f3mo se llevan a cabo los diferentes trabajos en el lugar. En ese mismo sentido, desde la Direcci\u00f3n de Servicios se entregaron en las escuelas bolsones para que los alumnos y sus familias depositen material reciclable: papel, cart\u00f3n, aluminio y pl\u00e1stico que luego ser\u00e1 retirado del establecimiento por integrantes del \u00e1rea Servicios; en las escuelas adem\u00e1s, se est\u00e1n llevando a cabo charlas informativas sobre el tratamiento de los residuos y el cuidado del medio ambiente.<\/p>\n\n\n\n<p>&nbsp;&nbsp;&nbsp;&nbsp;&nbsp;&nbsp;&nbsp;&nbsp;&nbsp;&nbsp;&nbsp; Por \u00faltimo, Christian Frandsen, agradeci\u00f3 la tarea que llevan a cabo los trabajadores encargados de la recolecci\u00f3n y tratamiento de los residuos para su posterior reciclaje y les dese\u00f3 Fel\u00edz D\u00eda para ma\u00f1ana viernes.<\/p>\n\n\n\n<p>Info e imagen  :  Prensa municipalidad de C.Dorrego <\/p>\n","protected":false},"excerpt":{"rendered":"<p>\u00a0\u00a0\u00a0\u00a0\u00a0\u00a0\u00a0\u00a0\u00a0\u00a0\u00a0 Christian Frandsen, director de Servicios de la comuna, junto al personal del \u00e1rea, est\u00e1 llevando a cabo una intensa campa\u00f1a de concientizaci\u00f3n y tambi\u00e9n de acciones concretas, a prop\u00f3sito del D\u00eda del Reciclaje, que se conmemora este viernes 17. \u00a0\u00a0\u00a0\u00a0\u00a0\u00a0\u00a0\u00a0\u00a0\u00a0\u00a0 D\u00edas pasados fueron cargados y despachados alrededor de 14 toneladas de neum\u00e1ticos fuera de &hellip;<\/p>\n","protected":false},"author":4,"featured_media":0,"comment_status":"open","ping_status":"open","sticky":false,"template":"","format":"standard","meta":{"footnotes":""},"categories":[69],"tags":[],"class_list":["post-13125","post","type-post","status-publish","format-standard","","category-locales"],"_links":{"self":[{"href":"https:\/\/elportaldorrego.com\/index.php?rest_route=\/wp\/v2\/posts\/13125"}],"collection":[{"href":"https:\/\/elportaldorrego.com\/index.php?rest_route=\/wp\/v2\/posts"}],"about":[{"href":"https:\/\/elportaldorrego.com\/index.php?rest_route=\/wp\/v2\/types\/post"}],"author":[{"embeddable":true,"href":"https:\/\/elportaldorrego.com\/index.php?rest_route=\/wp\/v2\/users\/4"}],"replies":[{"embeddable":true,"href":"https:\/\/elportaldorrego.com\/index.php?rest_route=%2Fwp%2Fv2%2Fcomments&post=13125"}],"version-history":[{"count":2,"href":"https:\/\/elportaldorrego.com\/index.php?rest_route=\/wp\/v2\/posts\/13125\/revisions"}],"predecessor-version":[{"id":13128,"href":"https:\/\/elportaldorrego.com\/index.php?rest_route=\/wp\/v2\/posts\/13125\/revisions\/13128"}],"wp:attachment":[{"href":"https:\/\/elportaldorrego.com\/index.php?rest_route=%2Fwp%2Fv2%2Fmedia&parent=13125"}],"wp:term":[{"taxonomy":"category","embeddable":true,"href":"https:\/\/elportaldorrego.com\/index.php?rest_route=%2Fwp%2Fv2%2Fcategories&post=13125"},{"taxonomy":"post_tag","embeddable":true,"href":"https:\/\/elportaldorrego.com\/index.php?rest_route=%2Fwp%2Fv2%2Ftags&post=13125"}],"curies":[{"name":"wp","href":"https:\/\/api.w.org\/{rel}","templated":true}]}}