{"id":13129,"date":"2024-05-16T15:08:50","date_gmt":"2024-05-16T15:08:50","guid":{"rendered":"https:\/\/elportaldorrego.com\/?p=13129"},"modified":"2024-05-16T15:08:51","modified_gmt":"2024-05-16T15:08:51","slug":"se-realizo-una-charla-sobre-poda-en-la-escuela-agraria","status":"publish","type":"post","link":"https:\/\/elportaldorrego.com\/?p=13129","title":{"rendered":"Se realiz\u00f3 una charla sobre poda en la Escuela Agraria"},"content":{"rendered":"\n<p><\/p>\n\n\n\n<p>\u00a0\u00a0\u00a0\u00a0\u00a0\u00a0\u00a0\u00a0\u00a0\u00a0\u00a0 La encargada del Area vivero Parque, licenciada Magdalena Triches, brind\u00f3 este mi\u00e9rcoles una capacitaci\u00f3n en la Escuela Agraria local sobre \u00abPrincipios de la poda forestal\u00bb, en ese sentido, la funcionaria se refiri\u00f3 a las premisas b\u00e1sica de poda y a los efectos perjudiciales provocados por los manejos incorrectos; entre otros temas.<\/p>\n\n\n\n<p>&nbsp;&nbsp;&nbsp;&nbsp;&nbsp;&nbsp;&nbsp;&nbsp;&nbsp;&nbsp;&nbsp; Tambi\u00e9n se desarroll\u00f3 el tema de Seguridad e Higiene laboral, tarea que estuvo a cargo de los responsables de esa \u00e1rea comunal, ingeniera Sandra Alarc\u00f3n y Gustavo Amatore.<\/p>\n\n\n\n<p>\u00a0\u00a0\u00a0\u00a0\u00a0\u00a0\u00a0\u00a0\u00a0\u00a0\u00a0 La charla estuvo destinada a operarios municipales que realizar\u00e1n la tarea de poda durante este a\u00f1o y a los alumnos de 7\u00ba a\u00f1o de la Escuela Agraria, quienes participaron dentro del marco del Proyecto de Censo Forestal que comenz\u00f3 en marzo \u00faltimo. <\/p>\n\n\n\n<p>Info y foto  :  Prensa municipalidad de C.Dorrego <\/p>\n\n\n\n<figure class=\"wp-block-image size-large\"><img decoding=\"async\" src=\"http:\/\/elportaldorrego.com\/wp-content\/uploads\/2024\/05\/charla-sobre-poda-1024x768.jpg\" alt=\"\" class=\"wp-image-13130\" \/><\/figure>\n","protected":false},"excerpt":{"rendered":"<p>\u00a0\u00a0\u00a0\u00a0\u00a0\u00a0\u00a0\u00a0\u00a0\u00a0\u00a0 La encargada del Area vivero Parque, licenciada Magdalena Triches, brind\u00f3 este mi\u00e9rcoles una capacitaci\u00f3n en la Escuela Agraria local sobre \u00abPrincipios de la poda forestal\u00bb, en ese sentido, la funcionaria se refiri\u00f3 a las premisas b\u00e1sica de poda y a los efectos perjudiciales provocados por los manejos incorrectos; entre otros temas. &nbsp;&nbsp;&nbsp;&nbsp;&nbsp;&nbsp;&nbsp;&nbsp;&nbsp;&nbsp;&nbsp; Tambi\u00e9n se &hellip;<\/p>\n","protected":false},"author":4,"featured_media":0,"comment_status":"open","ping_status":"open","sticky":false,"template":"","format":"standard","meta":{"footnotes":""},"categories":[69],"tags":[],"class_list":["post-13129","post","type-post","status-publish","format-standard","","category-locales"],"_links":{"self":[{"href":"https:\/\/elportaldorrego.com\/index.php?rest_route=\/wp\/v2\/posts\/13129"}],"collection":[{"href":"https:\/\/elportaldorrego.com\/index.php?rest_route=\/wp\/v2\/posts"}],"about":[{"href":"https:\/\/elportaldorrego.com\/index.php?rest_route=\/wp\/v2\/types\/post"}],"author":[{"embeddable":true,"href":"https:\/\/elportaldorrego.com\/index.php?rest_route=\/wp\/v2\/users\/4"}],"replies":[{"embeddable":true,"href":"https:\/\/elportaldorrego.com\/index.php?rest_route=%2Fwp%2Fv2%2Fcomments&post=13129"}],"version-history":[{"count":1,"href":"https:\/\/elportaldorrego.com\/index.php?rest_route=\/wp\/v2\/posts\/13129\/revisions"}],"predecessor-version":[{"id":13131,"href":"https:\/\/elportaldorrego.com\/index.php?rest_route=\/wp\/v2\/posts\/13129\/revisions\/13131"}],"wp:attachment":[{"href":"https:\/\/elportaldorrego.com\/index.php?rest_route=%2Fwp%2Fv2%2Fmedia&parent=13129"}],"wp:term":[{"taxonomy":"category","embeddable":true,"href":"https:\/\/elportaldorrego.com\/index.php?rest_route=%2Fwp%2Fv2%2Fcategories&post=13129"},{"taxonomy":"post_tag","embeddable":true,"href":"https:\/\/elportaldorrego.com\/index.php?rest_route=%2Fwp%2Fv2%2Ftags&post=13129"}],"curies":[{"name":"wp","href":"https:\/\/api.w.org\/{rel}","templated":true}]}}