{"id":13296,"date":"2024-05-27T12:10:48","date_gmt":"2024-05-27T12:10:48","guid":{"rendered":"https:\/\/elportaldorrego.com\/?p=13296"},"modified":"2024-05-27T12:10:49","modified_gmt":"2024-05-27T12:10:49","slug":"se-realizaron-los-actos-programados-por-el-25-mayo","status":"publish","type":"post","link":"https:\/\/elportaldorrego.com\/?p=13296","title":{"rendered":"Se realizaron los Actos programados por el 25 Mayo"},"content":{"rendered":"\n<p><\/p>\n\n\n\n<p>&nbsp;&nbsp;&nbsp;&nbsp;&nbsp;&nbsp;&nbsp;&nbsp;&nbsp;&nbsp;&nbsp;&nbsp;<strong>Concierto de folclore<\/strong><\/p>\n\n\n\n<p>&nbsp;&nbsp;&nbsp;&nbsp;&nbsp;&nbsp;&nbsp;&nbsp;&nbsp;&nbsp;&nbsp; La programaci\u00f3n prevista por la comuna por los festejos de la Revoluci\u00f3n de Mayo, comenzaron el viernes 24 por la noche en el Teatro Espa\u00f1ol, con un concierto de folclore que tuvo muy buena respuesta de p\u00fablico que disfrut\u00f3 la presentaci\u00f3n art\u00edstica en la que actuaron, la Agrupaci\u00f3n Amigos del Folklore, Danzas folcl\u00f3ricas de El Perdido y la agrupaci\u00f3n musical Arrullo.<\/p>\n\n\n\n<p>&nbsp;&nbsp;&nbsp;&nbsp;&nbsp;&nbsp;&nbsp;&nbsp;&nbsp;&nbsp;&nbsp;&nbsp;<strong>Izamiento de Banderas<\/strong><\/p>\n\n\n\n<p><strong>\u00a0\u00a0\u00a0\u00a0\u00a0\u00a0\u00a0\u00a0\u00a0\u00a0\u00a0\u00a0<\/strong>El s\u00e1bado 25 a las 10, en la Plaza Central, con la presencia de autoridades y p\u00fablico, se izaron las Banderas con la entonaci\u00f3n del Himno Nacional Argentino. All\u00ed, el director de Cultura, Cristian Demarco, dio la bienvenida y se refiri\u00f3 a la relevancia de la fecha.<\/p>\n\n\n\n<figure class=\"wp-block-image size-large is-resized\"><img loading=\"lazy\" decoding=\"async\" src=\"http:\/\/elportaldorrego.com\/wp-content\/uploads\/2024\/05\/1-15-1024x472.jpg\" alt=\"\" class=\"wp-image-13297\" width=\"399\" height=\"181\" \/><\/figure>\n\n\n\n<p>&nbsp;&nbsp;&nbsp;&nbsp;&nbsp;&nbsp;&nbsp;&nbsp;&nbsp;&nbsp;&nbsp;&nbsp;<strong>Homenaje al doctor Conti<\/strong><\/p>\n\n\n\n<p><strong>&nbsp;&nbsp;&nbsp;&nbsp;&nbsp;&nbsp;&nbsp;&nbsp;&nbsp;&nbsp;&nbsp;&nbsp;<\/strong>Al cumplirse el vig\u00e9simo aniversario de la apertura de la Unidad Sanitaria doctor Juan Carlos Conti, se llev\u00f3 a cabo un muy emotivo acto. All\u00ed, luego de la lectura de la Ordenanza respectiva, habl\u00f3 la concejal Romina Rozas quien narr\u00f3 la historia de ese centro asistencial, tambi\u00e9n habl\u00f3 el intendente Juan Chalde quien destac\u00f3 aspectos relativos a los 20 a\u00f1os de esa Unidad Sanitaria e hizo particular hincapi\u00e9 en la personalidad del doctor Juan Carlos Conti, resaltando que \u00abpara los que tomamos decisiones, es muy importante tener espejos como el doctor Conti\u00bb, aludiendo a la integridad y hombr\u00eda de bien del facultativo homenajeado.<\/p>\n\n\n\n<p>\u00a0\u00a0\u00a0\u00a0\u00a0\u00a0\u00a0\u00a0\u00a0\u00a0\u00a0 Fue descubierta una placa conmemorativa por parte del intendente y familiares de Conti y tambi\u00e9n, en un momento realmente conmovedor, el doctor Osvaldo Crego entreg\u00f3 un cuadro con una fotograf\u00eda de Juan Carlos Conti y luego pronunci\u00f3 unas muy sentidas palabras acerca de quien fuera su colega y amigo.<\/p>\n\n\n\n<figure class=\"wp-block-image size-large\"><img decoding=\"async\" src=\"http:\/\/elportaldorrego.com\/wp-content\/uploads\/2024\/05\/2-1024x472.jpg\" alt=\"\" class=\"wp-image-13300\" \/><\/figure>\n\n\n\n<figure class=\"wp-block-image size-large\"><img decoding=\"async\" src=\"http:\/\/elportaldorrego.com\/wp-content\/uploads\/2024\/05\/4-4-1024x472.jpg\" alt=\"\" class=\"wp-image-13299\" \/><\/figure>\n\n\n\n<p>&nbsp;&nbsp;&nbsp;&nbsp;&nbsp;&nbsp;&nbsp;&nbsp;&nbsp;&nbsp;&nbsp;&nbsp;<strong>Acto central en Faro<\/strong><\/p>\n\n\n\n<p><strong>&nbsp;&nbsp;&nbsp;&nbsp;&nbsp;&nbsp;&nbsp;&nbsp;&nbsp;&nbsp;&nbsp;&nbsp;<\/strong>Ya en la tarde del 25 de Mayo con muy buen sol, y la presencia de autoridades, representantes de instituciones y p\u00fablico, se realiz\u00f3 el Acto Central celebratorio del aniversario de la Revoluci\u00f3n de Mayo. Luego de la entonaci\u00f3n del Himno Nacional, habl\u00f3 el director de Cultura y Educaci\u00f3n, Cristian Demarco, el tambi\u00e9n profesor en Historia, brind\u00f3 un panorama de los principales acontecimientos de aquel mayo de 1810 y los compromisos asumidos por los distintos actores que escribieron ese cap\u00edtulo relevante de la historia del pa\u00eds.<\/p>\n\n\n\n<p>&nbsp;&nbsp;&nbsp;&nbsp;&nbsp;&nbsp;&nbsp;&nbsp;&nbsp;&nbsp;&nbsp; A continuaci\u00f3n, alumnos y comunidad educativa de la Escuela N\u00ba13, que est\u00e1 cumpliendo 100 a\u00f1os y del JIRIMM N\u00ba4 de Faro, presentaron un cuadro de m\u00fasica y danza titulado \u00abOda a la Revoluci\u00f3n\u00bb que mereci\u00f3 el aplauso de todos los presentes.<\/p>\n\n\n\n<p>\u00a0\u00a0\u00a0\u00a0\u00a0\u00a0\u00a0\u00a0\u00a0\u00a0\u00a0 El cierre de la celebraci\u00f3n estuvo a cargo del grupo folcl\u00f3rico La Yapa. \u00a0<\/p>\n\n\n\n<figure class=\"wp-block-image size-full\"><img decoding=\"async\" src=\"http:\/\/elportaldorrego.com\/wp-content\/uploads\/2024\/05\/5-5.jpg\" alt=\"\" class=\"wp-image-13298\" \/><\/figure>\n\n\n\n<p>Info y fotos  : Prensa Municipalidad de C.Dorrego <\/p>\n","protected":false},"excerpt":{"rendered":"<p>&nbsp;&nbsp;&nbsp;&nbsp;&nbsp;&nbsp;&nbsp;&nbsp;&nbsp;&nbsp;&nbsp;&nbsp;Concierto de folclore &nbsp;&nbsp;&nbsp;&nbsp;&nbsp;&nbsp;&nbsp;&nbsp;&nbsp;&nbsp;&nbsp; La programaci\u00f3n prevista por la comuna por los festejos de la Revoluci\u00f3n de Mayo, comenzaron el viernes 24 por la noche en el Teatro Espa\u00f1ol, con un concierto de folclore que tuvo muy buena respuesta de p\u00fablico que disfrut\u00f3 la presentaci\u00f3n art\u00edstica en la que actuaron, la Agrupaci\u00f3n Amigos del Folklore, &hellip;<\/p>\n","protected":false},"author":4,"featured_media":0,"comment_status":"open","ping_status":"open","sticky":false,"template":"","format":"standard","meta":{"footnotes":""},"categories":[69],"tags":[],"class_list":["post-13296","post","type-post","status-publish","format-standard","","category-locales"],"_links":{"self":[{"href":"https:\/\/elportaldorrego.com\/index.php?rest_route=\/wp\/v2\/posts\/13296"}],"collection":[{"href":"https:\/\/elportaldorrego.com\/index.php?rest_route=\/wp\/v2\/posts"}],"about":[{"href":"https:\/\/elportaldorrego.com\/index.php?rest_route=\/wp\/v2\/types\/post"}],"author":[{"embeddable":true,"href":"https:\/\/elportaldorrego.com\/index.php?rest_route=\/wp\/v2\/users\/4"}],"replies":[{"embeddable":true,"href":"https:\/\/elportaldorrego.com\/index.php?rest_route=%2Fwp%2Fv2%2Fcomments&post=13296"}],"version-history":[{"count":1,"href":"https:\/\/elportaldorrego.com\/index.php?rest_route=\/wp\/v2\/posts\/13296\/revisions"}],"predecessor-version":[{"id":13301,"href":"https:\/\/elportaldorrego.com\/index.php?rest_route=\/wp\/v2\/posts\/13296\/revisions\/13301"}],"wp:attachment":[{"href":"https:\/\/elportaldorrego.com\/index.php?rest_route=%2Fwp%2Fv2%2Fmedia&parent=13296"}],"wp:term":[{"taxonomy":"category","embeddable":true,"href":"https:\/\/elportaldorrego.com\/index.php?rest_route=%2Fwp%2Fv2%2Fcategories&post=13296"},{"taxonomy":"post_tag","embeddable":true,"href":"https:\/\/elportaldorrego.com\/index.php?rest_route=%2Fwp%2Fv2%2Ftags&post=13296"}],"curies":[{"name":"wp","href":"https:\/\/api.w.org\/{rel}","templated":true}]}}