{"id":13302,"date":"2024-05-27T12:22:29","date_gmt":"2024-05-27T12:22:29","guid":{"rendered":"https:\/\/elportaldorrego.com\/?p=13302"},"modified":"2024-05-27T12:24:20","modified_gmt":"2024-05-27T12:24:20","slug":"el-intendente-chalde-se-reunio-con-el-ministro-de-seguridad","status":"publish","type":"post","link":"https:\/\/elportaldorrego.com\/?p=13302","title":{"rendered":"El intendente Chalde se reuni\u00f3 con el ministro de Seguridad"},"content":{"rendered":"\n<p><\/p>\n\n\n\n<p>&nbsp;&nbsp;&nbsp;&nbsp;&nbsp;&nbsp;&nbsp;&nbsp;&nbsp;&nbsp;&nbsp; El intendente Juan Chalde, junto a integrantes de su gabinete de gobierno, se reuni\u00f3 con el ministro de Seguridad bonaerense, Javier Alonso. El titular de esa cartera provincial brind\u00f3 una recorrida por el Centro de Monitoreo de UTOI de La Matanza que es el Centro de Operaciones del Ministerio de Seguridad de la Provincia de Buenos Aires.<\/p>\n\n\n\n<p>&nbsp;&nbsp;&nbsp;&nbsp;&nbsp;&nbsp;&nbsp;&nbsp;&nbsp;&nbsp;&nbsp; El encuentro, del cual particip\u00f3 tambi\u00e9n el jefe de Gabinete provincial, Carlos Monta\u00f1a, sirvi\u00f3 para dialogar sobre diferentes aspectos relativos a la seguridad en Coronel Dorrego, en especial la necesidad de reforzar la dotaci\u00f3n de efectivos en Marisol con vistas a las venideras vacaciones invernales; adem\u00e1s se puntualiz\u00f3 en la posibilidad de capacitaci\u00f3n para integrantes de la fuerza. En otro orden, se habl\u00f3 de acrecentar la coordinaci\u00f3n de acciones atinentes a la seguridad en todo el distrito.<\/p>\n\n\n\n<p>&nbsp;&nbsp;&nbsp;&nbsp;&nbsp;&nbsp;&nbsp;&nbsp;&nbsp;&nbsp;&nbsp; Juan Chalde agradeci\u00f3 a Carlos Monta\u00f1a la propuesta de trabajar en la descentralizaci\u00f3n de decisiones sobre seguridad.<\/p>\n\n\n\n<p>Info y foto : Prensa Municipalidad de C.Dorrego <\/p>\n\n\n\n<figure class=\"wp-block-image size-large\"><img decoding=\"async\" src=\"http:\/\/elportaldorrego.com\/wp-content\/uploads\/2024\/05\/IMG_2244-1-1024x768.png\" alt=\"\" class=\"wp-image-13303\" \/><\/figure>\n","protected":false},"excerpt":{"rendered":"<p>&nbsp;&nbsp;&nbsp;&nbsp;&nbsp;&nbsp;&nbsp;&nbsp;&nbsp;&nbsp;&nbsp; El intendente Juan Chalde, junto a integrantes de su gabinete de gobierno, se reuni\u00f3 con el ministro de Seguridad bonaerense, Javier Alonso. El titular de esa cartera provincial brind\u00f3 una recorrida por el Centro de Monitoreo de UTOI de La Matanza que es el Centro de Operaciones del Ministerio de Seguridad de la Provincia &hellip;<\/p>\n","protected":false},"author":4,"featured_media":0,"comment_status":"open","ping_status":"open","sticky":false,"template":"","format":"standard","meta":{"footnotes":""},"categories":[69],"tags":[],"class_list":["post-13302","post","type-post","status-publish","format-standard","","category-locales"],"_links":{"self":[{"href":"https:\/\/elportaldorrego.com\/index.php?rest_route=\/wp\/v2\/posts\/13302"}],"collection":[{"href":"https:\/\/elportaldorrego.com\/index.php?rest_route=\/wp\/v2\/posts"}],"about":[{"href":"https:\/\/elportaldorrego.com\/index.php?rest_route=\/wp\/v2\/types\/post"}],"author":[{"embeddable":true,"href":"https:\/\/elportaldorrego.com\/index.php?rest_route=\/wp\/v2\/users\/4"}],"replies":[{"embeddable":true,"href":"https:\/\/elportaldorrego.com\/index.php?rest_route=%2Fwp%2Fv2%2Fcomments&post=13302"}],"version-history":[{"count":1,"href":"https:\/\/elportaldorrego.com\/index.php?rest_route=\/wp\/v2\/posts\/13302\/revisions"}],"predecessor-version":[{"id":13305,"href":"https:\/\/elportaldorrego.com\/index.php?rest_route=\/wp\/v2\/posts\/13302\/revisions\/13305"}],"wp:attachment":[{"href":"https:\/\/elportaldorrego.com\/index.php?rest_route=%2Fwp%2Fv2%2Fmedia&parent=13302"}],"wp:term":[{"taxonomy":"category","embeddable":true,"href":"https:\/\/elportaldorrego.com\/index.php?rest_route=%2Fwp%2Fv2%2Fcategories&post=13302"},{"taxonomy":"post_tag","embeddable":true,"href":"https:\/\/elportaldorrego.com\/index.php?rest_route=%2Fwp%2Fv2%2Ftags&post=13302"}],"curies":[{"name":"wp","href":"https:\/\/api.w.org\/{rel}","templated":true}]}}