{"id":13320,"date":"2024-05-29T11:56:42","date_gmt":"2024-05-29T11:56:42","guid":{"rendered":"https:\/\/elportaldorrego.com\/?p=13320"},"modified":"2024-05-29T11:59:30","modified_gmt":"2024-05-29T11:59:30","slug":"el-club-ferroviario-inauguro-el-dia-sabado-su-escenario-de-futbol-auxiliar","status":"publish","type":"post","link":"https:\/\/elportaldorrego.com\/?p=13320","title":{"rendered":"El club Ferroviario inaugur\u00f3 el d\u00eda s\u00e1bado su escenario de f\u00fatbol auxiliar"},"content":{"rendered":"\n<p>El club Ferroviario public\u00f3 lo siguiente en sus cuenta de Facebook <\/p>\n\n\n\n<p>Durante el S\u00e1bado pasado se llev\u00f3 a cabo la inauguraci\u00f3n del predio auxiliar de nuestra Instituci\u00f3n. Predio deportivo que permitir\u00e1 jerarquizar nuestro Club y tener mayor comodidad en la pr\u00e1ctica deportiva de nuestras disciplinas.<\/p>\n\n\n\n<p>Menci\u00f3n especial a toda la Sub Comisi\u00f3n del F\u00fatbol Menor que llev\u00f3 a cabo la realizaci\u00f3n de este proyecto junto a colaboradores e integrantes de la Comisi\u00f3n. A todos aquellas personas que colaboraron con la extracci\u00f3n de piedras, traslado de la tierra para el campo, colocaci\u00f3n de alambre perimetral, sembrado de la cancha, colocaci\u00f3n de parapelotas <br>Nuestras felicitaciones!<\/p>\n\n\n\n<p>FERROVIARIO SIGUE CRECIENDO y contamos con vos para que te sumes a este proyecto!<\/p>\n\n\n\n<p>Info y foto  :  facebook Club Atl\u00e9tico Ferroviario <\/p>\n\n\n\n<figure class=\"wp-block-image size-full\"><img decoding=\"async\" src=\"http:\/\/elportaldorrego.com\/wp-content\/uploads\/2024\/05\/FB_IMG_1716983465636.jpg\" alt=\"\" class=\"wp-image-13321\" \/><\/figure>\n","protected":false},"excerpt":{"rendered":"<p>El club Ferroviario public\u00f3 lo siguiente en sus cuenta de Facebook Durante el S\u00e1bado pasado se llev\u00f3 a cabo la inauguraci\u00f3n del predio auxiliar de nuestra Instituci\u00f3n. Predio deportivo que permitir\u00e1 jerarquizar nuestro Club y tener mayor comodidad en la pr\u00e1ctica deportiva de nuestras disciplinas. Menci\u00f3n especial a toda la Sub Comisi\u00f3n del F\u00fatbol Menor &hellip;<\/p>\n","protected":false},"author":4,"featured_media":0,"comment_status":"open","ping_status":"open","sticky":false,"template":"","format":"standard","meta":{"footnotes":""},"categories":[73],"tags":[],"class_list":["post-13320","post","type-post","status-publish","format-standard","","category-deportes"],"_links":{"self":[{"href":"https:\/\/elportaldorrego.com\/index.php?rest_route=\/wp\/v2\/posts\/13320"}],"collection":[{"href":"https:\/\/elportaldorrego.com\/index.php?rest_route=\/wp\/v2\/posts"}],"about":[{"href":"https:\/\/elportaldorrego.com\/index.php?rest_route=\/wp\/v2\/types\/post"}],"author":[{"embeddable":true,"href":"https:\/\/elportaldorrego.com\/index.php?rest_route=\/wp\/v2\/users\/4"}],"replies":[{"embeddable":true,"href":"https:\/\/elportaldorrego.com\/index.php?rest_route=%2Fwp%2Fv2%2Fcomments&post=13320"}],"version-history":[{"count":2,"href":"https:\/\/elportaldorrego.com\/index.php?rest_route=\/wp\/v2\/posts\/13320\/revisions"}],"predecessor-version":[{"id":13323,"href":"https:\/\/elportaldorrego.com\/index.php?rest_route=\/wp\/v2\/posts\/13320\/revisions\/13323"}],"wp:attachment":[{"href":"https:\/\/elportaldorrego.com\/index.php?rest_route=%2Fwp%2Fv2%2Fmedia&parent=13320"}],"wp:term":[{"taxonomy":"category","embeddable":true,"href":"https:\/\/elportaldorrego.com\/index.php?rest_route=%2Fwp%2Fv2%2Fcategories&post=13320"},{"taxonomy":"post_tag","embeddable":true,"href":"https:\/\/elportaldorrego.com\/index.php?rest_route=%2Fwp%2Fv2%2Ftags&post=13320"}],"curies":[{"name":"wp","href":"https:\/\/api.w.org\/{rel}","templated":true}]}}