{"id":13324,"date":"2024-05-29T12:24:20","date_gmt":"2024-05-29T12:24:20","guid":{"rendered":"https:\/\/elportaldorrego.com\/?p=13324"},"modified":"2024-05-29T12:24:21","modified_gmt":"2024-05-29T12:24:21","slug":"el-intendente-chalde-recibio-a-autoridades-de-region-sanitaria-1a","status":"publish","type":"post","link":"https:\/\/elportaldorrego.com\/?p=13324","title":{"rendered":"El intendente Chalde recibi\u00f3 a autoridades de Regi\u00f3n Sanitaria 1\u00aa"},"content":{"rendered":"\n<p><\/p>\n\n\n\n<p>&nbsp;&nbsp;&nbsp;&nbsp;&nbsp;&nbsp;&nbsp;&nbsp;&nbsp;&nbsp;&nbsp; El intendente Juan Chalde recibi\u00f3 en su despacho al director ejecutivo de Regi\u00f3n Sanitaria 1\u00aa, doctor Maximiliano N\u00fa\u00f1ez y a la directora asociada, Alejandra Mangione. Participaron tambi\u00e9n del encuentro, el director de Salud, Fabi\u00e1n Zorzano, el director del Hospital Municipal, Santiago Braghero y la administradora de Servicios de Salud, Mariana Merino.<\/p>\n\n\n\n<p>&nbsp;&nbsp;&nbsp;&nbsp;&nbsp;&nbsp;&nbsp;&nbsp;&nbsp;&nbsp;&nbsp; En el transcurso de la reuni\u00f3n se habl\u00f3 sobre atenci\u00f3n primaria de la salud y de las diferentes problem\u00e1ticas que se presentan en la actualidad. Adem\u00e1s, se dialog\u00f3 acerca de la posibilidad de implementar la Historia de Salud Integral; concretamente una historia cl\u00ednica digital en una plataforma de la Provincia de Buenos Aires.<\/p>\n\n\n\n<p>\u00a0\u00a0\u00a0\u00a0\u00a0\u00a0\u00a0\u00a0\u00a0\u00a0\u00a0 Por otra parte se analiz\u00f3 el funcionamiento del Sistema de Atenci\u00f3n M\u00e9dica Organizada (SAMO).<\/p>\n\n\n\n<p>Info y foto : Prensa municipalidad de C.Dorrego <\/p>\n\n\n\n<figure class=\"wp-block-image size-full\"><img decoding=\"async\" src=\"http:\/\/elportaldorrego.com\/wp-content\/uploads\/2024\/05\/1-16.jpg\" alt=\"\" class=\"wp-image-13325\" \/><\/figure>\n","protected":false},"excerpt":{"rendered":"<p>&nbsp;&nbsp;&nbsp;&nbsp;&nbsp;&nbsp;&nbsp;&nbsp;&nbsp;&nbsp;&nbsp; El intendente Juan Chalde recibi\u00f3 en su despacho al director ejecutivo de Regi\u00f3n Sanitaria 1\u00aa, doctor Maximiliano N\u00fa\u00f1ez y a la directora asociada, Alejandra Mangione. Participaron tambi\u00e9n del encuentro, el director de Salud, Fabi\u00e1n Zorzano, el director del Hospital Municipal, Santiago Braghero y la administradora de Servicios de Salud, Mariana Merino. &nbsp;&nbsp;&nbsp;&nbsp;&nbsp;&nbsp;&nbsp;&nbsp;&nbsp;&nbsp;&nbsp; En el &hellip;<\/p>\n","protected":false},"author":4,"featured_media":0,"comment_status":"open","ping_status":"open","sticky":false,"template":"","format":"standard","meta":{"footnotes":""},"categories":[69],"tags":[],"class_list":["post-13324","post","type-post","status-publish","format-standard","","category-locales"],"_links":{"self":[{"href":"https:\/\/elportaldorrego.com\/index.php?rest_route=\/wp\/v2\/posts\/13324"}],"collection":[{"href":"https:\/\/elportaldorrego.com\/index.php?rest_route=\/wp\/v2\/posts"}],"about":[{"href":"https:\/\/elportaldorrego.com\/index.php?rest_route=\/wp\/v2\/types\/post"}],"author":[{"embeddable":true,"href":"https:\/\/elportaldorrego.com\/index.php?rest_route=\/wp\/v2\/users\/4"}],"replies":[{"embeddable":true,"href":"https:\/\/elportaldorrego.com\/index.php?rest_route=%2Fwp%2Fv2%2Fcomments&post=13324"}],"version-history":[{"count":1,"href":"https:\/\/elportaldorrego.com\/index.php?rest_route=\/wp\/v2\/posts\/13324\/revisions"}],"predecessor-version":[{"id":13326,"href":"https:\/\/elportaldorrego.com\/index.php?rest_route=\/wp\/v2\/posts\/13324\/revisions\/13326"}],"wp:attachment":[{"href":"https:\/\/elportaldorrego.com\/index.php?rest_route=%2Fwp%2Fv2%2Fmedia&parent=13324"}],"wp:term":[{"taxonomy":"category","embeddable":true,"href":"https:\/\/elportaldorrego.com\/index.php?rest_route=%2Fwp%2Fv2%2Fcategories&post=13324"},{"taxonomy":"post_tag","embeddable":true,"href":"https:\/\/elportaldorrego.com\/index.php?rest_route=%2Fwp%2Fv2%2Ftags&post=13324"}],"curies":[{"name":"wp","href":"https:\/\/api.w.org\/{rel}","templated":true}]}}