{"id":13687,"date":"2024-07-01T13:49:34","date_gmt":"2024-07-01T13:49:34","guid":{"rendered":"https:\/\/elportaldorrego.com\/?p=13687"},"modified":"2024-07-01T13:49:35","modified_gmt":"2024-07-01T13:49:35","slug":"desarrollo-social-los-jovenes-y-los-mayores-estuvieron-en-el-aniversario-del-polideportivo","status":"publish","type":"post","link":"https:\/\/elportaldorrego.com\/?p=13687","title":{"rendered":"Desarrollo Social. Los J\u00f3venes y los Mayores estuvieron en el aniversario del Polideportivo"},"content":{"rendered":"\n<p><\/p>\n\n\n\n<p>\u00a0\u00a0\u00a0\u00a0\u00a0\u00a0\u00a0\u00a0\u00a0\u00a0\u00a0 Desarrollo Social de la comuna a trav\u00e9s del \u00c1rea de Personas Mayores y Personas con Discapacidad inform\u00f3 que participaron el pasado s\u00e1bado del aniversario del Polideportivo. Destac\u00f3 que los j\u00f3venes del Programa Expresarte y las Personas Mayores del Centro de D\u00eda, presentaron canciones y un stand l\u00fadico, compartiendo actividades con el p\u00fablico que se acerc\u00f3.<\/p>\n\n\n\n<p>Info y foto : Prensa municipalidad de C.Dorrego <\/p>\n","protected":false},"excerpt":{"rendered":"<p>\u00a0\u00a0\u00a0\u00a0\u00a0\u00a0\u00a0\u00a0\u00a0\u00a0\u00a0 Desarrollo Social de la comuna a trav\u00e9s del \u00c1rea de Personas Mayores y Personas con Discapacidad inform\u00f3 que participaron el pasado s\u00e1bado del aniversario del Polideportivo. Destac\u00f3 que los j\u00f3venes del Programa Expresarte y las Personas Mayores del Centro de D\u00eda, presentaron canciones y un stand l\u00fadico, compartiendo actividades con el p\u00fablico que se &hellip;<\/p>\n","protected":false},"author":4,"featured_media":0,"comment_status":"open","ping_status":"open","sticky":false,"template":"","format":"standard","meta":{"footnotes":""},"categories":[69],"tags":[],"class_list":["post-13687","post","type-post","status-publish","format-standard","","category-locales"],"_links":{"self":[{"href":"https:\/\/elportaldorrego.com\/index.php?rest_route=\/wp\/v2\/posts\/13687"}],"collection":[{"href":"https:\/\/elportaldorrego.com\/index.php?rest_route=\/wp\/v2\/posts"}],"about":[{"href":"https:\/\/elportaldorrego.com\/index.php?rest_route=\/wp\/v2\/types\/post"}],"author":[{"embeddable":true,"href":"https:\/\/elportaldorrego.com\/index.php?rest_route=\/wp\/v2\/users\/4"}],"replies":[{"embeddable":true,"href":"https:\/\/elportaldorrego.com\/index.php?rest_route=%2Fwp%2Fv2%2Fcomments&post=13687"}],"version-history":[{"count":1,"href":"https:\/\/elportaldorrego.com\/index.php?rest_route=\/wp\/v2\/posts\/13687\/revisions"}],"predecessor-version":[{"id":13689,"href":"https:\/\/elportaldorrego.com\/index.php?rest_route=\/wp\/v2\/posts\/13687\/revisions\/13689"}],"wp:attachment":[{"href":"https:\/\/elportaldorrego.com\/index.php?rest_route=%2Fwp%2Fv2%2Fmedia&parent=13687"}],"wp:term":[{"taxonomy":"category","embeddable":true,"href":"https:\/\/elportaldorrego.com\/index.php?rest_route=%2Fwp%2Fv2%2Fcategories&post=13687"},{"taxonomy":"post_tag","embeddable":true,"href":"https:\/\/elportaldorrego.com\/index.php?rest_route=%2Fwp%2Fv2%2Ftags&post=13687"}],"curies":[{"name":"wp","href":"https:\/\/api.w.org\/{rel}","templated":true}]}}