{"id":13910,"date":"2024-07-25T14:17:20","date_gmt":"2024-07-25T14:17:20","guid":{"rendered":"https:\/\/elportaldorrego.com\/?p=13910"},"modified":"2024-07-25T14:17:21","modified_gmt":"2024-07-25T14:17:21","slug":"chalde-y-ripoll-realizaron-gestiones-en-la-capital-provincial","status":"publish","type":"post","link":"https:\/\/elportaldorrego.com\/?p=13910","title":{"rendered":"Chalde y Ripoll realizaron gestiones en la capital provincial"},"content":{"rendered":"\n<p><\/p>\n\n\n\n<p>&nbsp;&nbsp;&nbsp;&nbsp;&nbsp;&nbsp;&nbsp;&nbsp;&nbsp;&nbsp;&nbsp; El intendente Juan Chalde y el director de Desarrollo Social, Luciano Ripoll, se reunieron d\u00edas pasados en La Plata con el subsecretario de H\u00e1bitat de la Comunidad, Rub\u00e9n Pascolini, el director provincial de Regularizaci\u00f3n de H\u00e1bitat, Roberto Perito y la directora de Seguimiento de Intervenciones Complementarias, Miryam Denegri. Seg\u00fan explicaron Chalde y Ripoll, el objetivo fue buscar acceder al Programa de Mejoramiento Habitacionales Bonaerenses con el fin de lograr apoyo econ\u00f3mico, como subsidios y microcr\u00e9tidos para el mejoramiento de viviendas con d\u00e9ficit habitacional y sanitario. Adem\u00e1s, se busc\u00f3 asesoramiento para instrumentar programas de regularizaci\u00f3n y acceso a la titularidad dominial.<\/p>\n\n\n\n<p>\u00a0\u00a0\u00a0\u00a0\u00a0\u00a0\u00a0\u00a0\u00a0\u00a0\u00a0 Por otro lado, se solicit\u00f3 a la Direcci\u00f3n Provincial de Intervenciones Complementarias, la posibilidad de adquirir financiamiento para la construcci\u00f3n de un m\u00f3dulo social para personas v\u00edctimas de violencia de g\u00e9nero.<\/p>\n\n\n\n<p>Info y fotos  :  Prensa Municipalidad de C.Dorrego <\/p>\n\n\n\n<figure class=\"wp-block-image size-large\"><img decoding=\"async\" src=\"http:\/\/elportaldorrego.com\/wp-content\/uploads\/2024\/07\/Chalde-y-Ripoll-en-La-Plata-1-1024x576.jpg\" alt=\"\" class=\"wp-image-13912\" \/><\/figure>\n\n\n\n<figure class=\"wp-block-image size-large is-resized\"><img loading=\"lazy\" decoding=\"async\" src=\"http:\/\/elportaldorrego.com\/wp-content\/uploads\/2024\/07\/Chalde-y-Ripoll-en-La-Plata-2-1024x576.jpg\" alt=\"\" class=\"wp-image-13913\" width=\"372\" height=\"209\" \/><\/figure>\n","protected":false},"excerpt":{"rendered":"<p>&nbsp;&nbsp;&nbsp;&nbsp;&nbsp;&nbsp;&nbsp;&nbsp;&nbsp;&nbsp;&nbsp; El intendente Juan Chalde y el director de Desarrollo Social, Luciano Ripoll, se reunieron d\u00edas pasados en La Plata con el subsecretario de H\u00e1bitat de la Comunidad, Rub\u00e9n Pascolini, el director provincial de Regularizaci\u00f3n de H\u00e1bitat, Roberto Perito y la directora de Seguimiento de Intervenciones Complementarias, Miryam Denegri. Seg\u00fan explicaron Chalde y Ripoll, el &hellip;<\/p>\n","protected":false},"author":4,"featured_media":0,"comment_status":"open","ping_status":"open","sticky":false,"template":"","format":"standard","meta":{"footnotes":""},"categories":[69],"tags":[],"class_list":["post-13910","post","type-post","status-publish","format-standard","","category-locales"],"_links":{"self":[{"href":"https:\/\/elportaldorrego.com\/index.php?rest_route=\/wp\/v2\/posts\/13910"}],"collection":[{"href":"https:\/\/elportaldorrego.com\/index.php?rest_route=\/wp\/v2\/posts"}],"about":[{"href":"https:\/\/elportaldorrego.com\/index.php?rest_route=\/wp\/v2\/types\/post"}],"author":[{"embeddable":true,"href":"https:\/\/elportaldorrego.com\/index.php?rest_route=\/wp\/v2\/users\/4"}],"replies":[{"embeddable":true,"href":"https:\/\/elportaldorrego.com\/index.php?rest_route=%2Fwp%2Fv2%2Fcomments&post=13910"}],"version-history":[{"count":1,"href":"https:\/\/elportaldorrego.com\/index.php?rest_route=\/wp\/v2\/posts\/13910\/revisions"}],"predecessor-version":[{"id":13914,"href":"https:\/\/elportaldorrego.com\/index.php?rest_route=\/wp\/v2\/posts\/13910\/revisions\/13914"}],"wp:attachment":[{"href":"https:\/\/elportaldorrego.com\/index.php?rest_route=%2Fwp%2Fv2%2Fmedia&parent=13910"}],"wp:term":[{"taxonomy":"category","embeddable":true,"href":"https:\/\/elportaldorrego.com\/index.php?rest_route=%2Fwp%2Fv2%2Fcategories&post=13910"},{"taxonomy":"post_tag","embeddable":true,"href":"https:\/\/elportaldorrego.com\/index.php?rest_route=%2Fwp%2Fv2%2Ftags&post=13910"}],"curies":[{"name":"wp","href":"https:\/\/api.w.org\/{rel}","templated":true}]}}