{"id":13966,"date":"2024-07-30T13:49:59","date_gmt":"2024-07-30T13:49:59","guid":{"rendered":"https:\/\/elportaldorrego.com\/?p=13966"},"modified":"2024-07-30T13:50:01","modified_gmt":"2024-07-30T13:50:01","slug":"se-realizo-la-charla-sobre-marketing-para-emprendedores","status":"publish","type":"post","link":"https:\/\/elportaldorrego.com\/?p=13966","title":{"rendered":"Se realiz\u00f3 la charla sobre Marketing para Emprendedores"},"content":{"rendered":"\n<p><\/p>\n\n\n\n<p>\u00a0\u00a0\u00a0\u00a0\u00a0\u00a0\u00a0\u00a0\u00a0\u00a0\u00a0 Tal lo previsto se realiz\u00f3 en la v\u00edspera la charla\u00a0organizada por Producci\u00f3n de la comuna acerca de Marketing para Emprendedores. Fue en el Centro Cultural y estuvo a cargo de Mart\u00edn Roa. Los asistentes se interiorizaron sobre diferentes aspectos del marketing y la comunicaci\u00f3n.\u00a0\u00a0\u00a0\u00a0\u00a0\u00a0\u00a0\u00a0\u00a0\u00a0<\/p>\n\n\n\n<p>Info y foto : Prensa municipalidad de C.Dorrego <\/p>\n\n\n\n<figure class=\"wp-block-image size-large\"><img decoding=\"async\" src=\"http:\/\/elportaldorrego.com\/wp-content\/uploads\/2024\/07\/Charla-Marketing-1-828x1024.jpg\" alt=\"\" class=\"wp-image-13967\" \/><\/figure>\n","protected":false},"excerpt":{"rendered":"<p>\u00a0\u00a0\u00a0\u00a0\u00a0\u00a0\u00a0\u00a0\u00a0\u00a0\u00a0 Tal lo previsto se realiz\u00f3 en la v\u00edspera la charla\u00a0organizada por Producci\u00f3n de la comuna acerca de Marketing para Emprendedores. Fue en el Centro Cultural y estuvo a cargo de Mart\u00edn Roa. Los asistentes se interiorizaron sobre diferentes aspectos del marketing y la comunicaci\u00f3n.\u00a0\u00a0\u00a0\u00a0\u00a0\u00a0\u00a0\u00a0\u00a0\u00a0 Info y foto : Prensa municipalidad de C.Dorrego<\/p>\n","protected":false},"author":4,"featured_media":0,"comment_status":"open","ping_status":"open","sticky":false,"template":"","format":"standard","meta":{"footnotes":""},"categories":[69],"tags":[],"class_list":["post-13966","post","type-post","status-publish","format-standard","","category-locales"],"_links":{"self":[{"href":"https:\/\/elportaldorrego.com\/index.php?rest_route=\/wp\/v2\/posts\/13966"}],"collection":[{"href":"https:\/\/elportaldorrego.com\/index.php?rest_route=\/wp\/v2\/posts"}],"about":[{"href":"https:\/\/elportaldorrego.com\/index.php?rest_route=\/wp\/v2\/types\/post"}],"author":[{"embeddable":true,"href":"https:\/\/elportaldorrego.com\/index.php?rest_route=\/wp\/v2\/users\/4"}],"replies":[{"embeddable":true,"href":"https:\/\/elportaldorrego.com\/index.php?rest_route=%2Fwp%2Fv2%2Fcomments&post=13966"}],"version-history":[{"count":1,"href":"https:\/\/elportaldorrego.com\/index.php?rest_route=\/wp\/v2\/posts\/13966\/revisions"}],"predecessor-version":[{"id":13968,"href":"https:\/\/elportaldorrego.com\/index.php?rest_route=\/wp\/v2\/posts\/13966\/revisions\/13968"}],"wp:attachment":[{"href":"https:\/\/elportaldorrego.com\/index.php?rest_route=%2Fwp%2Fv2%2Fmedia&parent=13966"}],"wp:term":[{"taxonomy":"category","embeddable":true,"href":"https:\/\/elportaldorrego.com\/index.php?rest_route=%2Fwp%2Fv2%2Fcategories&post=13966"},{"taxonomy":"post_tag","embeddable":true,"href":"https:\/\/elportaldorrego.com\/index.php?rest_route=%2Fwp%2Fv2%2Ftags&post=13966"}],"curies":[{"name":"wp","href":"https:\/\/api.w.org\/{rel}","templated":true}]}}