{"id":14260,"date":"2024-08-14T00:38:44","date_gmt":"2024-08-14T00:38:44","guid":{"rendered":"https:\/\/elportaldorrego.com\/?p=14260"},"modified":"2024-08-14T00:38:45","modified_gmt":"2024-08-14T00:38:45","slug":"victoria-arbio-brindara-una-charla-en-el-centro-cultural","status":"publish","type":"post","link":"https:\/\/elportaldorrego.com\/?p=14260","title":{"rendered":"Victoria Arbio brindar\u00e1 una charla en el Centro Cultural"},"content":{"rendered":"\n<p>Cultura anunci\u00f3 para este viernes 16 a las 19 en el Centro Cultural la presentaci\u00f3n de la docente y terapeuta, Victoria Arbio quien se referir\u00e1 a: \u00bfQu\u00e9 son las emociones?; \u00bfC\u00f3mo puedo transformar mi vida?. La entrada ser\u00e1 libre y gratuita.<\/p>\n\n\n\n<p>Info e imagen  : Prensa municipalidad de C.Dorrego <\/p>\n\n\n\n<figure class=\"wp-block-image size-full\"><img decoding=\"async\" src=\"http:\/\/elportaldorrego.com\/wp-content\/uploads\/2024\/08\/image003-5.jpg\" alt=\"\" class=\"wp-image-14261\" \/><\/figure>\n","protected":false},"excerpt":{"rendered":"<p>Cultura anunci\u00f3 para este viernes 16 a las 19 en el Centro Cultural la presentaci\u00f3n de la docente y terapeuta, Victoria Arbio quien se referir\u00e1 a: \u00bfQu\u00e9 son las emociones?; \u00bfC\u00f3mo puedo transformar mi vida?. La entrada ser\u00e1 libre y gratuita. Info e imagen : Prensa municipalidad de C.Dorrego<\/p>\n","protected":false},"author":4,"featured_media":0,"comment_status":"open","ping_status":"open","sticky":false,"template":"","format":"standard","meta":{"footnotes":""},"categories":[69],"tags":[],"class_list":["post-14260","post","type-post","status-publish","format-standard","","category-locales"],"_links":{"self":[{"href":"https:\/\/elportaldorrego.com\/index.php?rest_route=\/wp\/v2\/posts\/14260"}],"collection":[{"href":"https:\/\/elportaldorrego.com\/index.php?rest_route=\/wp\/v2\/posts"}],"about":[{"href":"https:\/\/elportaldorrego.com\/index.php?rest_route=\/wp\/v2\/types\/post"}],"author":[{"embeddable":true,"href":"https:\/\/elportaldorrego.com\/index.php?rest_route=\/wp\/v2\/users\/4"}],"replies":[{"embeddable":true,"href":"https:\/\/elportaldorrego.com\/index.php?rest_route=%2Fwp%2Fv2%2Fcomments&post=14260"}],"version-history":[{"count":1,"href":"https:\/\/elportaldorrego.com\/index.php?rest_route=\/wp\/v2\/posts\/14260\/revisions"}],"predecessor-version":[{"id":14262,"href":"https:\/\/elportaldorrego.com\/index.php?rest_route=\/wp\/v2\/posts\/14260\/revisions\/14262"}],"wp:attachment":[{"href":"https:\/\/elportaldorrego.com\/index.php?rest_route=%2Fwp%2Fv2%2Fmedia&parent=14260"}],"wp:term":[{"taxonomy":"category","embeddable":true,"href":"https:\/\/elportaldorrego.com\/index.php?rest_route=%2Fwp%2Fv2%2Fcategories&post=14260"},{"taxonomy":"post_tag","embeddable":true,"href":"https:\/\/elportaldorrego.com\/index.php?rest_route=%2Fwp%2Fv2%2Ftags&post=14260"}],"curies":[{"name":"wp","href":"https:\/\/api.w.org\/{rel}","templated":true}]}}