{"id":14376,"date":"2024-08-22T14:09:37","date_gmt":"2024-08-22T14:09:37","guid":{"rendered":"https:\/\/elportaldorrego.com\/?p=14376"},"modified":"2024-08-22T14:09:39","modified_gmt":"2024-08-22T14:09:39","slug":"se-desarrollo-la-charla-cerebro-saludable-para-toda-la-vida","status":"publish","type":"post","link":"https:\/\/elportaldorrego.com\/?p=14376","title":{"rendered":"Se desarroll\u00f3 la Charla \u201cCerebro Saludable para toda la vida\u201d"},"content":{"rendered":"\n<p>Desarrollo Social<br>Centro de d\u00eda para personas mayores<\/p>\n\n\n\n<p>El d\u00eda lunes 19 se desarroll\u00f3 la Charla \u201cCerebro Saludable para toda la vida\u201d a cargo de Lic. Mar\u00eda Codagnone de la Direcci\u00f3n de Salud.<\/p>\n\n\n\n<p>Una charla muy enriquecedora que posibilit\u00f3 la reflexi\u00f3n grupal acerca del cuidado del cerebro para mantenerlo activo y saludable.<\/p>\n\n\n\n<p>Una propuesta muy enriquecedora para las personas mayores del Centro de D\u00eda. Participaron de la misma integrantes de la Asociaci\u00f3n Amigos del Hogar de D\u00eda.<\/p>\n\n\n\n<p>Info y foto  : Prensa municipalidad de C.Dorrego <\/p>\n\n\n\n<figure class=\"wp-block-image size-large\"><img decoding=\"async\" src=\"http:\/\/elportaldorrego.com\/wp-content\/uploads\/2024\/08\/IMG-20240821-WA0037-1-1024x751.jpg\" alt=\"\" class=\"wp-image-14378\" \/><\/figure>\n","protected":false},"excerpt":{"rendered":"<p>Desarrollo SocialCentro de d\u00eda para personas mayores El d\u00eda lunes 19 se desarroll\u00f3 la Charla \u201cCerebro Saludable para toda la vida\u201d a cargo de Lic. Mar\u00eda Codagnone de la Direcci\u00f3n de Salud. Una charla muy enriquecedora que posibilit\u00f3 la reflexi\u00f3n grupal acerca del cuidado del cerebro para mantenerlo activo y saludable. Una propuesta muy enriquecedora &hellip;<\/p>\n","protected":false},"author":4,"featured_media":0,"comment_status":"open","ping_status":"open","sticky":false,"template":"","format":"standard","meta":{"footnotes":""},"categories":[69],"tags":[],"class_list":["post-14376","post","type-post","status-publish","format-standard","","category-locales"],"_links":{"self":[{"href":"https:\/\/elportaldorrego.com\/index.php?rest_route=\/wp\/v2\/posts\/14376"}],"collection":[{"href":"https:\/\/elportaldorrego.com\/index.php?rest_route=\/wp\/v2\/posts"}],"about":[{"href":"https:\/\/elportaldorrego.com\/index.php?rest_route=\/wp\/v2\/types\/post"}],"author":[{"embeddable":true,"href":"https:\/\/elportaldorrego.com\/index.php?rest_route=\/wp\/v2\/users\/4"}],"replies":[{"embeddable":true,"href":"https:\/\/elportaldorrego.com\/index.php?rest_route=%2Fwp%2Fv2%2Fcomments&post=14376"}],"version-history":[{"count":1,"href":"https:\/\/elportaldorrego.com\/index.php?rest_route=\/wp\/v2\/posts\/14376\/revisions"}],"predecessor-version":[{"id":14379,"href":"https:\/\/elportaldorrego.com\/index.php?rest_route=\/wp\/v2\/posts\/14376\/revisions\/14379"}],"wp:attachment":[{"href":"https:\/\/elportaldorrego.com\/index.php?rest_route=%2Fwp%2Fv2%2Fmedia&parent=14376"}],"wp:term":[{"taxonomy":"category","embeddable":true,"href":"https:\/\/elportaldorrego.com\/index.php?rest_route=%2Fwp%2Fv2%2Fcategories&post=14376"},{"taxonomy":"post_tag","embeddable":true,"href":"https:\/\/elportaldorrego.com\/index.php?rest_route=%2Fwp%2Fv2%2Ftags&post=14376"}],"curies":[{"name":"wp","href":"https:\/\/api.w.org\/{rel}","templated":true}]}}